{"id":1951,"date":"2016-01-25T22:33:25","date_gmt":"2016-01-25T22:33:25","guid":{"rendered":"http:\/\/centralmedia.rs\/?p=1951"},"modified":"2016-01-25T22:33:25","modified_gmt":"2016-01-25T22:33:25","slug":"obustava-rada-u-kablovima","status":"publish","type":"post","link":"https:\/\/centralmedia.rs\/index.php\/2016\/01\/25\/obustava-rada-u-kablovima\/","title":{"rendered":"OBUSTAVA RADA U KABLOVIMA"},"content":{"rendered":"<p>JAGODINA-Predsednik Pregovara\u010dkog tima jagodinskih Kablova Dragan Milanovi\u0107 saop\u0161tio je da je od jutros obustavljen rad na lokaciji Mati\u010dna fabrika, kao i da preko 300 proizvodnih radnika, od kojih je ve\u0107ina na poslata na odmore zbog manjka posla,  zahteva od poslovodstva  isplatu zaostalih zarada i informacije o sudbini preduze\u0107a. To preduze\u0107e je me\u0111u 17 povla\u0161\u0107enih u Srbiji i o\u010dekuje se da u februaru bude objavljen tender za privatizaciju.<br \/>\n\t-Radnici su jutros obustavili rad, fomirali Pregovara\u010dki tim i tra\u017ee sastanak sa poslovodstvom Kablova.  U Pregovara\u010dkom timu je 10 radnika iz Mati\u010dne i Nove fabrike, zahtevamo da imamo predstavnika u pregovorima oko privatizacije Kablova. Zaposleni su zabrinuti, jer nemaju nikakve  informacije o tome.  Primili smo tek avgustovsku zaradu, isplata putnih tro\u0161kova kasni dve godine, navodi on razloge za obustavu proizvodnje.<br \/>\n<a href=\"https:\/\/centralmedia.rs\/wp-content\/uploads\/2016\/01\/kablovi-1-jagodina-g.j.jpg\" rel=\"attachment wp-att-1953\"><img loading=\"lazy\" decoding=\"async\" src=\"https:\/\/centralmedia.rs\/wp-content\/uploads\/2016\/01\/kablovi-1-jagodina-g.j-300x195.jpg\" alt=\"kablovi 1-jagodina-g.j\" width=\"300\" height=\"195\" class=\"alignnone size-medium wp-image-1953\" srcset=\"https:\/\/centralmedia.rs\/wp-content\/uploads\/2016\/01\/kablovi-1-jagodina-g.j-300x195.jpg 300w, https:\/\/centralmedia.rs\/wp-content\/uploads\/2016\/01\/kablovi-1-jagodina-g.j-768x498.jpg 768w, https:\/\/centralmedia.rs\/wp-content\/uploads\/2016\/01\/kablovi-1-jagodina-g.j.jpg 900w\" sizes=\"(max-width: 300px) 100vw, 300px\" \/><\/a><br \/>\nMilanovi\u0107 zahteva da se nadle\u017ena minisarstva uklju\u010de u re\u0161avanje problema u Kablovima, a to se pre svega odnosi na inspekcije koje se bave kontrolom mobinga, za\u0161tite na radu i isplate prinadle\u017enosti. Pregovara\u010dki tim zahteva i da se Samostalni i Industrijski sindikat isklju\u010de iz pregovora o privatizaciji. Dugovanja Kablova su preko 120 miliona evra, a re\u010d je o dugovima prema komercijalnim bankama i  zaposlenima. Zbog  dugovanja zaposelnima od 32 miliona evra predlo\u017eeno je da se jedna od lokacija Kablova  da njima u vlasni\u0161tvo.    <\/p>\n","protected":false},"excerpt":{"rendered":"<p>JAGODINA-Predsednik Pregovara\u010dkog tima jagodinskih Kablova Dragan Milanovi\u0107 saop\u0161tio je da je od jutros obustavljen rad na lokaciji Mati\u010dna fabrika, kao i da preko 300 proizvodnih &hellip; <\/p>\n","protected":false},"author":4,"featured_media":1952,"comment_status":"open","ping_status":"open","sticky":false,"template":"","format":"standard","meta":{"footnotes":""},"categories":[22,2,12],"tags":[58,491,492],"_links":{"self":[{"href":"https:\/\/centralmedia.rs\/index.php\/wp-json\/wp\/v2\/posts\/1951"}],"collection":[{"href":"https:\/\/centralmedia.rs\/index.php\/wp-json\/wp\/v2\/posts"}],"about":[{"href":"https:\/\/centralmedia.rs\/index.php\/wp-json\/wp\/v2\/types\/post"}],"author":[{"embeddable":true,"href":"https:\/\/centralmedia.rs\/index.php\/wp-json\/wp\/v2\/users\/4"}],"replies":[{"embeddable":true,"href":"https:\/\/centralmedia.rs\/index.php\/wp-json\/wp\/v2\/comments?post=1951"}],"version-history":[{"count":0,"href":"https:\/\/centralmedia.rs\/index.php\/wp-json\/wp\/v2\/posts\/1951\/revisions"}],"wp:featuredmedia":[{"embeddable":true,"href":"https:\/\/centralmedia.rs\/index.php\/wp-json\/wp\/v2\/media\/1952"}],"wp:attachment":[{"href":"https:\/\/centralmedia.rs\/index.php\/wp-json\/wp\/v2\/media?parent=1951"}],"wp:term":[{"taxonomy":"category","embeddable":true,"href":"https:\/\/centralmedia.rs\/index.php\/wp-json\/wp\/v2\/categories?post=1951"},{"taxonomy":"post_tag","embeddable":true,"href":"https:\/\/centralmedia.rs\/index.php\/wp-json\/wp\/v2\/tags?post=1951"}],"curies":[{"name":"wp","href":"https:\/\/api.w.org\/{rel}","templated":true}]}}