{"id":19548,"date":"2019-08-10T13:47:20","date_gmt":"2019-08-10T13:47:20","guid":{"rendered":"http:\/\/centralmedia.rs\/?p=19548"},"modified":"2019-08-14T18:01:16","modified_gmt":"2019-08-14T18:01:16","slug":"aeromiting-u-cupriji-fy-in-jos-jedan-korak-ka-izgradnji-civilnog-aerodroma","status":"publish","type":"post","link":"https:\/\/centralmedia.rs\/index.php\/2019\/08\/10\/aeromiting-u-cupriji-fy-in-jos-jedan-korak-ka-izgradnji-civilnog-aerodroma\/","title":{"rendered":"AEROMITING U \u0106UPRIJI ,,FY-IN&#8221; &#8211; JO\u0160 JEDAN KORAK KA IZGRADNJI CIVILNOG AERODROMA"},"content":{"rendered":"<p>\u0106UPRIJA- ,,Fy-in&#8221; aeromiting u organizaciji Aerokluba \u0106uprija na aerodromu u Dobri\u010devu danas je okupio zaljubljenike u letenje svih generacija iz \u010ditavog Pomoravlja. Na aeromitnigu su imali priliku da vide predstavljanje 30 aviona, malih letilica, motorne zmajeve, \u017eirokoptera i helikopter Robinzon, avioni cesna, kao i modelari.<\/p>\n<p>&#8211; Veliki je zna\u010daj odr\u017eavanje aeromitinga za razvoj turizma. Aeroklub je postojao u okviru PD Dobri\u010devo, a zatim su entuzijasti obnovili ameterski rad aerokluba. Veliki broj posetilaca i turista danas je mogao da vidi majstore letenja i razne letilice. Za \u0106upriju je va\u017eno zbog razvoja turizma, kao i sportskog turizma, ali na\u0161a vizija i \u017eelja je da \u0106uprija dobije pravi aerodrom i ovo je prvi korak ka tome, rekao je predsednik te op\u0161tine Ninoslav Eri\u0107.<\/p>\n<div id='gallery-1' class='gallery galleryid-19548 gallery-columns-5 gallery-size-thumbnail'><figure class='gallery-item'>\n\t\t\t<div class='gallery-icon landscape'>\n\t\t\t\t<a href='https:\/\/centralmedia.rs\/index.php\/2019\/08\/10\/aeromiting-u-cupriji-fy-in-jos-jedan-korak-ka-izgradnji-civilnog-aerodroma\/aeromiting\/'><img loading=\"lazy\" decoding=\"async\" width=\"150\" height=\"150\" src=\"https:\/\/centralmedia.rs\/wp-content\/uploads\/2019\/08\/aeromiting-150x150.jpg\" class=\"attachment-thumbnail size-thumbnail\" alt=\"\" \/><\/a>\n\t\t\t<\/div><\/figure><figure class='gallery-item'>\n\t\t\t<div class='gallery-icon landscape'>\n\t\t\t\t<a href='https:\/\/centralmedia.rs\/index.php\/2019\/08\/10\/aeromiting-u-cupriji-fy-in-jos-jedan-korak-ka-izgradnji-civilnog-aerodroma\/aeromiting1\/'><img loading=\"lazy\" decoding=\"async\" width=\"150\" height=\"150\" src=\"https:\/\/centralmedia.rs\/wp-content\/uploads\/2019\/08\/aeromiting1-150x150.jpg\" class=\"attachment-thumbnail size-thumbnail\" alt=\"\" \/><\/a>\n\t\t\t<\/div><\/figure><figure class='gallery-item'>\n\t\t\t<div class='gallery-icon landscape'>\n\t\t\t\t<a href='https:\/\/centralmedia.rs\/index.php\/2019\/08\/10\/aeromiting-u-cupriji-fy-in-jos-jedan-korak-ka-izgradnji-civilnog-aerodroma\/aeromiting3\/'><img loading=\"lazy\" decoding=\"async\" width=\"150\" height=\"150\" src=\"https:\/\/centralmedia.rs\/wp-content\/uploads\/2019\/08\/aeromiting3-150x150.jpg\" class=\"attachment-thumbnail size-thumbnail\" alt=\"\" \/><\/a>\n\t\t\t<\/div><\/figure><figure class='gallery-item'>\n\t\t\t<div class='gallery-icon landscape'>\n\t\t\t\t<a href='https:\/\/centralmedia.rs\/index.php\/2019\/08\/10\/aeromiting-u-cupriji-fy-in-jos-jedan-korak-ka-izgradnji-civilnog-aerodroma\/aeromiting4\/'><img loading=\"lazy\" decoding=\"async\" width=\"150\" height=\"150\" src=\"https:\/\/centralmedia.rs\/wp-content\/uploads\/2019\/08\/aeromiting4-150x150.jpg\" class=\"attachment-thumbnail size-thumbnail\" alt=\"\" \/><\/a>\n\t\t\t<\/div><\/figure><figure class='gallery-item'>\n\t\t\t<div class='gallery-icon portrait'>\n\t\t\t\t<a href='https:\/\/centralmedia.rs\/index.php\/2019\/08\/10\/aeromiting-u-cupriji-fy-in-jos-jedan-korak-ka-izgradnji-civilnog-aerodroma\/aeromiting5\/'><img loading=\"lazy\" decoding=\"async\" width=\"150\" height=\"150\" src=\"https:\/\/centralmedia.rs\/wp-content\/uploads\/2019\/08\/aeromiting5-150x150.jpg\" class=\"attachment-thumbnail size-thumbnail\" alt=\"\" \/><\/a>\n\t\t\t<\/div><\/figure>\n\t\t<\/div>\n\n<p>Razne letilice i avioni su leteli na visinama od 50 do 300 metera, pribrzinama do 300 kilometara na sat<\/p>\n<p>&#8211; Ugostili smo vi\u0161e od 30 letilica iz cele Srbije, sa dinami\u010dnom postavkom kako na zemlji tako i u vazduhu. Ovo je drugi aeromiting na teritoriji grada \u0106uprije u posleratnom periodu. Osim ultralakih letilica predstavlili su se RC modelari, kao i predstavnici generalne avijacije sa svojim letilicama. Prikazan je veoma interesantan leta\u010dki program i prikaz najmodernijih letilica kojim raspola\u017eu srpski aero klubovi u ovom trenutku, rekao je predsednik Aerokluba \u0106uprija Goran Stojkovi\u0107.<\/p>\n<div id='gallery-2' class='gallery galleryid-19548 gallery-columns-5 gallery-size-thumbnail'><figure class='gallery-item'>\n\t\t\t<div class='gallery-icon landscape'>\n\t\t\t\t<a href='https:\/\/centralmedia.rs\/index.php\/2019\/08\/10\/aeromiting-u-cupriji-fy-in-jos-jedan-korak-ka-izgradnji-civilnog-aerodroma\/aeromiting6\/'><img loading=\"lazy\" decoding=\"async\" width=\"150\" height=\"150\" src=\"https:\/\/centralmedia.rs\/wp-content\/uploads\/2019\/08\/aeromiting6-150x150.jpg\" class=\"attachment-thumbnail size-thumbnail\" alt=\"\" \/><\/a>\n\t\t\t<\/div><\/figure><figure class='gallery-item'>\n\t\t\t<div class='gallery-icon landscape'>\n\t\t\t\t<a href='https:\/\/centralmedia.rs\/index.php\/2019\/08\/10\/aeromiting-u-cupriji-fy-in-jos-jedan-korak-ka-izgradnji-civilnog-aerodroma\/aeromiting7\/'><img loading=\"lazy\" decoding=\"async\" width=\"150\" height=\"150\" src=\"https:\/\/centralmedia.rs\/wp-content\/uploads\/2019\/08\/aeromiting7-150x150.jpg\" class=\"attachment-thumbnail size-thumbnail\" alt=\"\" \/><\/a>\n\t\t\t<\/div><\/figure><figure class='gallery-item'>\n\t\t\t<div class='gallery-icon landscape'>\n\t\t\t\t<a href='https:\/\/centralmedia.rs\/index.php\/2019\/08\/10\/aeromiting-u-cupriji-fy-in-jos-jedan-korak-ka-izgradnji-civilnog-aerodroma\/aeromiting8\/'><img loading=\"lazy\" decoding=\"async\" width=\"150\" height=\"150\" src=\"https:\/\/centralmedia.rs\/wp-content\/uploads\/2019\/08\/aeromiting8-150x150.jpg\" class=\"attachment-thumbnail size-thumbnail\" alt=\"\" \/><\/a>\n\t\t\t<\/div><\/figure><figure class='gallery-item'>\n\t\t\t<div class='gallery-icon landscape'>\n\t\t\t\t<a href='https:\/\/centralmedia.rs\/index.php\/2019\/08\/10\/aeromiting-u-cupriji-fy-in-jos-jedan-korak-ka-izgradnji-civilnog-aerodroma\/aeromiting9\/'><img loading=\"lazy\" decoding=\"async\" width=\"150\" height=\"150\" src=\"https:\/\/centralmedia.rs\/wp-content\/uploads\/2019\/08\/aeromiting9-150x150.jpg\" class=\"attachment-thumbnail size-thumbnail\" alt=\"\" \/><\/a>\n\t\t\t<\/div><\/figure><figure class='gallery-item'>\n\t\t\t<div class='gallery-icon landscape'>\n\t\t\t\t<a href='https:\/\/centralmedia.rs\/index.php\/2019\/08\/10\/aeromiting-u-cupriji-fy-in-jos-jedan-korak-ka-izgradnji-civilnog-aerodroma\/aeromiting10\/'><img loading=\"lazy\" decoding=\"async\" width=\"150\" height=\"150\" src=\"https:\/\/centralmedia.rs\/wp-content\/uploads\/2019\/08\/aeromiting10-150x150.jpg\" class=\"attachment-thumbnail size-thumbnail\" alt=\"\" \/><\/a>\n\t\t\t<\/div><\/figure>\n\t\t<\/div>\n\n<p>Aeromitnig je otovren skokovima trojice padobranaca iz AK Na\u0161a krila koji su nosili zastave Srbije, \u0106uprije i AK \u0106uprija. \u00a0JKP Ravno 2014. postavilo je cisternu sa vodom za rashla\u0111ivanje posetioca aeromitinga.<\/p>\n","protected":false},"excerpt":{"rendered":"<p>\u0106UPRIJA- ,,Fy-in&#8221; aeromiting u organizaciji Aerokluba \u0106uprija na aerodromu u Dobri\u010devu danas je okupio zaljubljenike u letenje svih generacija iz \u010ditavog Pomoravlja. Na aeromitnigu su &hellip; <\/p>\n","protected":false},"author":2,"featured_media":19549,"comment_status":"open","ping_status":"open","sticky":false,"template":"","format":"standard","meta":{"footnotes":""},"categories":[1515,1524,2,887,21,12],"tags":[3960,44],"_links":{"self":[{"href":"https:\/\/centralmedia.rs\/index.php\/wp-json\/wp\/v2\/posts\/19548"}],"collection":[{"href":"https:\/\/centralmedia.rs\/index.php\/wp-json\/wp\/v2\/posts"}],"about":[{"href":"https:\/\/centralmedia.rs\/index.php\/wp-json\/wp\/v2\/types\/post"}],"author":[{"embeddable":true,"href":"https:\/\/centralmedia.rs\/index.php\/wp-json\/wp\/v2\/users\/2"}],"replies":[{"embeddable":true,"href":"https:\/\/centralmedia.rs\/index.php\/wp-json\/wp\/v2\/comments?post=19548"}],"version-history":[{"count":1,"href":"https:\/\/centralmedia.rs\/index.php\/wp-json\/wp\/v2\/posts\/19548\/revisions"}],"predecessor-version":[{"id":19560,"href":"https:\/\/centralmedia.rs\/index.php\/wp-json\/wp\/v2\/posts\/19548\/revisions\/19560"}],"wp:featuredmedia":[{"embeddable":true,"href":"https:\/\/centralmedia.rs\/index.php\/wp-json\/wp\/v2\/media\/19549"}],"wp:attachment":[{"href":"https:\/\/centralmedia.rs\/index.php\/wp-json\/wp\/v2\/media?parent=19548"}],"wp:term":[{"taxonomy":"category","embeddable":true,"href":"https:\/\/centralmedia.rs\/index.php\/wp-json\/wp\/v2\/categories?post=19548"},{"taxonomy":"post_tag","embeddable":true,"href":"https:\/\/centralmedia.rs\/index.php\/wp-json\/wp\/v2\/tags?post=19548"}],"curies":[{"name":"wp","href":"https:\/\/api.w.org\/{rel}","templated":true}]}}