{"id":19564,"date":"2019-08-12T03:01:23","date_gmt":"2019-08-12T03:01:23","guid":{"rendered":"http:\/\/centralmedia.rs\/?p=19564"},"modified":"2019-08-20T13:06:04","modified_gmt":"2019-08-20T13:06:04","slug":"od-ponedeljka-i-u-srbiji-medunarodna-akcija-pojacane-kontrole-brzine-vozila","status":"publish","type":"post","link":"https:\/\/centralmedia.rs\/index.php\/2019\/08\/12\/od-ponedeljka-i-u-srbiji-medunarodna-akcija-pojacane-kontrole-brzine-vozila\/","title":{"rendered":"Od ponedeljka i u Srbiji me\u0111unarodna akcija poja\u010dane kontrole brzine vozila"},"content":{"rendered":"<p class=\"story-lead\">Ministarstvo unutra\u0161njih poslova (MUP) saop\u0161tilo je da \u0107e se pridru\u017eiti me\u0111unarodnoj akciji poja\u010dane kontrole brzine vozila.<\/p>\n<p>Kako je Ministarstvo navelo, ta me\u0111unarodna akcija \u0107e po\u010deti 12. avgusta i traja\u0107e do 18. avgusta u 29 dr\u017eava &#8211; \u010dlanica organizacije TISPOL (Mre\u017ea saobra\u0107ajnih policija Evrope).<\/p>\n<p>Pripadnici Saobra\u0107ajne policije Srbije anga\u017eova\u0107e &#8220;sve raspolo\u017eive ure\u0111aje za merenje brzine&#8221;: ru\u010dne i radare u sistemima video-nadzora i uredjajima za merenje brzine u takozvanim automobilima &#8211; &#8220;presreta\u010dima&#8221;, dok \u0107e na auto-putevima biti merena i prose\u010dna brzina kretanja vozila.<\/p>\n<p>Brzina kretanja vozila bi\u0107e kontrolisana i no\u0107u.<\/p>\n<p>Policajci \u0107e posle zaustavljanja svakog vozila koje prekora\u010di dozvoljenu brzinu, kontrolisati i kori\u0161\u0107enje sigurnosnih pojaseva i proveriti da li je voza\u010d pod uticajem alkohola.<\/p>\n<p>Ministarstvo unutra\u0161njih poslova nagla\u0161ava da je tokom sedam meseci ove godine brzina bila faktor polovine saobra\u0107ajnih udesa s poginulima.<\/p>\n","protected":false},"excerpt":{"rendered":"<p>Ministarstvo unutra\u0161njih poslova (MUP) saop\u0161tilo je da \u0107e se pridru\u017eiti me\u0111unarodnoj akciji poja\u010dane kontrole brzine vozila. Kako je Ministarstvo navelo, ta me\u0111unarodna akcija \u0107e po\u010deti &hellip; <\/p>\n","protected":false},"author":2,"featured_media":16553,"comment_status":"open","ping_status":"open","sticky":false,"template":"","format":"standard","meta":{"footnotes":""},"categories":[2,16,12],"tags":[2370,249],"_links":{"self":[{"href":"https:\/\/centralmedia.rs\/index.php\/wp-json\/wp\/v2\/posts\/19564"}],"collection":[{"href":"https:\/\/centralmedia.rs\/index.php\/wp-json\/wp\/v2\/posts"}],"about":[{"href":"https:\/\/centralmedia.rs\/index.php\/wp-json\/wp\/v2\/types\/post"}],"author":[{"embeddable":true,"href":"https:\/\/centralmedia.rs\/index.php\/wp-json\/wp\/v2\/users\/2"}],"replies":[{"embeddable":true,"href":"https:\/\/centralmedia.rs\/index.php\/wp-json\/wp\/v2\/comments?post=19564"}],"version-history":[{"count":1,"href":"https:\/\/centralmedia.rs\/index.php\/wp-json\/wp\/v2\/posts\/19564\/revisions"}],"predecessor-version":[{"id":19565,"href":"https:\/\/centralmedia.rs\/index.php\/wp-json\/wp\/v2\/posts\/19564\/revisions\/19565"}],"wp:featuredmedia":[{"embeddable":true,"href":"https:\/\/centralmedia.rs\/index.php\/wp-json\/wp\/v2\/media\/16553"}],"wp:attachment":[{"href":"https:\/\/centralmedia.rs\/index.php\/wp-json\/wp\/v2\/media?parent=19564"}],"wp:term":[{"taxonomy":"category","embeddable":true,"href":"https:\/\/centralmedia.rs\/index.php\/wp-json\/wp\/v2\/categories?post=19564"},{"taxonomy":"post_tag","embeddable":true,"href":"https:\/\/centralmedia.rs\/index.php\/wp-json\/wp\/v2\/tags?post=19564"}],"curies":[{"name":"wp","href":"https:\/\/api.w.org\/{rel}","templated":true}]}}