{"id":19566,"date":"2019-08-13T14:04:10","date_gmt":"2019-08-13T14:04:10","guid":{"rendered":"http:\/\/centralmedia.rs\/?p=19566"},"modified":"2019-08-20T13:06:15","modified_gmt":"2019-08-20T13:06:15","slug":"rts-predsednik-srbije-aleksandar-vucic-posetio-jagodinu-i-razgovarao-sa-odusevljenim-ljudima-ako-nam-resite-pitanje-vode-i-vodovoda-mi-smo-spaseni","status":"publish","type":"post","link":"https:\/\/centralmedia.rs\/index.php\/2019\/08\/13\/rts-predsednik-srbije-aleksandar-vucic-posetio-jagodinu-i-razgovarao-sa-odusevljenim-ljudima-ako-nam-resite-pitanje-vode-i-vodovoda-mi-smo-spaseni\/","title":{"rendered":"RTS: PREDSEDNIK SRBIJE ALEKSANDAR VU\u010cI\u0106 POSETIO JAGODINU I RAZGOVARAO SA ,,ODU\u0160EVLJENIM&#8221; LJUDIMA &#8211; ,,Ako nam re\u0161ite pitanje vode i vodovoda mi smo spaseni\u201c"},"content":{"rendered":"<p>JAGODINA- Predstavljaju\u0107i investiocioni plan od 12 milijadri evra predsednik Srbije Aleksandar Vu\u010di\u0107 izjavio je RTS da \u0107e 3 milijarde biti ulo\u017eene u vodosnabdevanje i kanalizaciju u gradove i op\u0161tine van Beograda. \u00a0On je u tom intervjuu rekao da je bio ju\u010de u Jagodini, ne otkrivaju\u0107i sa kim se susreo.<\/p>\n<p>-Bio sam ju\u010de u Jagodini i video odu\u0161evljenje ljudi koji su rekli ,,ej pa, iako Jagodina jo\u0161 nema projekat, ali ima\u0107e ga uskoro. Ako nam re\u0161ite pitanje vode, mi imamo ovde bubre\u017enih bolesnika koliko ho\u0107ete, ako nam re\u0161ite pitanje vode i vodovoda mi smo spaseni\u201c. Zamislite kada mi u 21. veku moramo da govorimo o tome da 80 naselja nema vodu i kanalizaciju, izjavio je predsednik Srbije na RTS.<\/p>\n<p>U toku je javna nabavka za izradu projekta za izgradnju kanalizacije u velikim jagodinskim selima, ranije najavljena izgradnja kanalizacije u Ribaru, Rakitovu i Kon\u010darevu. Ina\u010de, \u00a0Jagodina je pre dve godine obavila rekonstrukciju vodovodne mre\u017ee i zamenila azbestne cevi, bunara, izgradila novi rezervoar, najve\u0107a sela dobila su vodovode . Kompletan projekat bio je vredan 4,5 miliona evra i finansiran je iz kredita Nema\u010dke razvojne banke, dok je blizu tre\u0107ine donacija Vlade Nema\u010dke. Pored toga, u planu su radovi na drugoj fazi Sistema za pre\u010di\u0161\u0107avanje otpadnih voda, vredni oko 6,5 miliona evra uz donaciju od 6 miliona. Zbog svega toga pove\u0107a je cena vode i sa sada je oko 80 dinara sa dovo\u0111enjem, odvo\u0111enjem i pre\u010di\u0161\u0107avanjem, odnosno najskuplja u ovom delu Srbije.<\/p>\n","protected":false},"excerpt":{"rendered":"<p>JAGODINA- Predstavljaju\u0107i investiocioni plan od 12 milijadri evra predsednik Srbije Aleksandar Vu\u010di\u0107 izjavio je RTS da \u0107e 3 milijarde biti ulo\u017eene u vodosnabdevanje i kanalizaciju &hellip; <\/p>\n","protected":false},"author":2,"featured_media":19567,"comment_status":"open","ping_status":"open","sticky":false,"template":"","format":"standard","meta":{"footnotes":""},"categories":[1524,2,1514,13,12],"tags":[1274,58,3933],"_links":{"self":[{"href":"https:\/\/centralmedia.rs\/index.php\/wp-json\/wp\/v2\/posts\/19566"}],"collection":[{"href":"https:\/\/centralmedia.rs\/index.php\/wp-json\/wp\/v2\/posts"}],"about":[{"href":"https:\/\/centralmedia.rs\/index.php\/wp-json\/wp\/v2\/types\/post"}],"author":[{"embeddable":true,"href":"https:\/\/centralmedia.rs\/index.php\/wp-json\/wp\/v2\/users\/2"}],"replies":[{"embeddable":true,"href":"https:\/\/centralmedia.rs\/index.php\/wp-json\/wp\/v2\/comments?post=19566"}],"version-history":[{"count":2,"href":"https:\/\/centralmedia.rs\/index.php\/wp-json\/wp\/v2\/posts\/19566\/revisions"}],"predecessor-version":[{"id":19569,"href":"https:\/\/centralmedia.rs\/index.php\/wp-json\/wp\/v2\/posts\/19566\/revisions\/19569"}],"wp:featuredmedia":[{"embeddable":true,"href":"https:\/\/centralmedia.rs\/index.php\/wp-json\/wp\/v2\/media\/19567"}],"wp:attachment":[{"href":"https:\/\/centralmedia.rs\/index.php\/wp-json\/wp\/v2\/media?parent=19566"}],"wp:term":[{"taxonomy":"category","embeddable":true,"href":"https:\/\/centralmedia.rs\/index.php\/wp-json\/wp\/v2\/categories?post=19566"},{"taxonomy":"post_tag","embeddable":true,"href":"https:\/\/centralmedia.rs\/index.php\/wp-json\/wp\/v2\/tags?post=19566"}],"curies":[{"name":"wp","href":"https:\/\/api.w.org\/{rel}","templated":true}]}}