{"id":19587,"date":"2019-08-14T09:03:11","date_gmt":"2019-08-14T09:03:11","guid":{"rendered":"http:\/\/centralmedia.rs\/?p=19587"},"modified":"2019-08-20T13:06:45","modified_gmt":"2019-08-20T13:06:45","slug":"ana-bekuta-digla-svilajnac-na-noge-foto","status":"publish","type":"post","link":"https:\/\/centralmedia.rs\/index.php\/2019\/08\/14\/ana-bekuta-digla-svilajnac-na-noge-foto\/","title":{"rendered":"ANA BEKUTA DIGLA SVILAJNAC NA NOGE (FOTO)"},"content":{"rendered":"<p>SVILAJNAC- Sino\u0107ni koncert Ane Bekute,na Trgu Stevana Sin\u0111eli\u0107a u Svilajncu, bio je prava fe\u0161ta za publiku iz \u010ditavog regiona. Od poznatih i bezvremenih hitova, zajedni\u010dkog poevanja sa publikom do narodnog kola na trgu. Odli\u010dna atmosfera, koju je Ana napravila, osta\u0107e dugo u se\u0107anju Resavaca.<\/p>\n<p>&#8211; Koncert Ane Bekute uvek izazove veliku pa\u017enju javnosti, zbog njenih odli\u010dnih vokalnih sposobnosti, pesama koje su bliske izvornom zvuku, neke su ve\u0107 odavno evergrin i naravno, energije koju ova peva\u010dica nosi. Tako je i sino\u0107 Trg Stevana Sin\u0111eli\u0107a sino\u0107 bio pun sveta, razli\u010ditih generacija koje rastu ili stare uz Anine pesme, ka\u017eu u Centru za kulturu, koji uspe\u0161no organizuje veoma zahtevnu manifestaciju Kulturno-zabavno leto 2019.<\/p>\n<div id='gallery-1' class='gallery galleryid-19587 gallery-columns-9 gallery-size-thumbnail'><figure class='gallery-item'>\n\t\t\t<div class='gallery-icon landscape'>\n\t\t\t\t<a href='https:\/\/centralmedia.rs\/index.php\/2019\/08\/14\/ana-bekuta-digla-svilajnac-na-noge-foto\/bekuta-7\/'><img loading=\"lazy\" decoding=\"async\" width=\"150\" height=\"150\" src=\"https:\/\/centralmedia.rs\/wp-content\/uploads\/2019\/08\/bekuta-7-150x150.jpg\" class=\"attachment-thumbnail size-thumbnail\" alt=\"\" \/><\/a>\n\t\t\t<\/div><\/figure><figure class='gallery-item'>\n\t\t\t<div class='gallery-icon landscape'>\n\t\t\t\t<a href='https:\/\/centralmedia.rs\/index.php\/2019\/08\/14\/ana-bekuta-digla-svilajnac-na-noge-foto\/bekuta-9\/'><img loading=\"lazy\" decoding=\"async\" width=\"150\" height=\"150\" src=\"https:\/\/centralmedia.rs\/wp-content\/uploads\/2019\/08\/bekuta-9-150x150.jpg\" class=\"attachment-thumbnail size-thumbnail\" alt=\"\" \/><\/a>\n\t\t\t<\/div><\/figure><figure class='gallery-item'>\n\t\t\t<div class='gallery-icon landscape'>\n\t\t\t\t<a href='https:\/\/centralmedia.rs\/index.php\/2019\/08\/14\/ana-bekuta-digla-svilajnac-na-noge-foto\/bekuta\/'><img loading=\"lazy\" decoding=\"async\" width=\"150\" height=\"150\" src=\"https:\/\/centralmedia.rs\/wp-content\/uploads\/2019\/08\/bekuta-150x150.jpg\" class=\"attachment-thumbnail size-thumbnail\" alt=\"\" \/><\/a>\n\t\t\t<\/div><\/figure><figure class='gallery-item'>\n\t\t\t<div class='gallery-icon landscape'>\n\t\t\t\t<a href='https:\/\/centralmedia.rs\/index.php\/2019\/08\/14\/ana-bekuta-digla-svilajnac-na-noge-foto\/bekuta1\/'><img loading=\"lazy\" decoding=\"async\" width=\"150\" height=\"150\" src=\"https:\/\/centralmedia.rs\/wp-content\/uploads\/2019\/08\/bekuta1-150x150.jpg\" class=\"attachment-thumbnail size-thumbnail\" alt=\"\" \/><\/a>\n\t\t\t<\/div><\/figure><figure class='gallery-item'>\n\t\t\t<div class='gallery-icon landscape'>\n\t\t\t\t<a href='https:\/\/centralmedia.rs\/index.php\/2019\/08\/14\/ana-bekuta-digla-svilajnac-na-noge-foto\/bekuta2\/'><img loading=\"lazy\" decoding=\"async\" width=\"150\" height=\"150\" src=\"https:\/\/centralmedia.rs\/wp-content\/uploads\/2019\/08\/bekuta2-150x150.jpg\" class=\"attachment-thumbnail size-thumbnail\" alt=\"\" \/><\/a>\n\t\t\t<\/div><\/figure><figure class='gallery-item'>\n\t\t\t<div class='gallery-icon landscape'>\n\t\t\t\t<a href='https:\/\/centralmedia.rs\/index.php\/2019\/08\/14\/ana-bekuta-digla-svilajnac-na-noge-foto\/bekuta3\/'><img loading=\"lazy\" decoding=\"async\" width=\"150\" height=\"150\" src=\"https:\/\/centralmedia.rs\/wp-content\/uploads\/2019\/08\/bekuta3-150x150.jpg\" class=\"attachment-thumbnail size-thumbnail\" alt=\"\" \/><\/a>\n\t\t\t<\/div><\/figure><figure class='gallery-item'>\n\t\t\t<div class='gallery-icon landscape'>\n\t\t\t\t<a href='https:\/\/centralmedia.rs\/index.php\/2019\/08\/14\/ana-bekuta-digla-svilajnac-na-noge-foto\/bekuta4\/'><img loading=\"lazy\" decoding=\"async\" width=\"150\" height=\"150\" src=\"https:\/\/centralmedia.rs\/wp-content\/uploads\/2019\/08\/bekuta4-150x150.jpg\" class=\"attachment-thumbnail size-thumbnail\" alt=\"\" \/><\/a>\n\t\t\t<\/div><\/figure><figure class='gallery-item'>\n\t\t\t<div class='gallery-icon landscape'>\n\t\t\t\t<a href='https:\/\/centralmedia.rs\/index.php\/2019\/08\/14\/ana-bekuta-digla-svilajnac-na-noge-foto\/bekuta5\/'><img loading=\"lazy\" decoding=\"async\" width=\"150\" height=\"150\" src=\"https:\/\/centralmedia.rs\/wp-content\/uploads\/2019\/08\/bekuta5-150x150.jpg\" class=\"attachment-thumbnail size-thumbnail\" alt=\"\" \/><\/a>\n\t\t\t<\/div><\/figure><figure class='gallery-item'>\n\t\t\t<div class='gallery-icon landscape'>\n\t\t\t\t<a href='https:\/\/centralmedia.rs\/index.php\/2019\/08\/14\/ana-bekuta-digla-svilajnac-na-noge-foto\/bekuta8\/'><img loading=\"lazy\" decoding=\"async\" width=\"150\" height=\"150\" src=\"https:\/\/centralmedia.rs\/wp-content\/uploads\/2019\/08\/bekuta8-150x150.jpg\" class=\"attachment-thumbnail size-thumbnail\" alt=\"\" \/><\/a>\n\t\t\t<\/div><\/figure>\n\t\t<\/div>\n\n","protected":false},"excerpt":{"rendered":"<p>SVILAJNAC- Sino\u0107ni koncert Ane Bekute,na Trgu Stevana Sin\u0111eli\u0107a u Svilajncu, bio je prava fe\u0161ta za publiku iz \u010ditavog regiona. Od poznatih i bezvremenih hitova, zajedni\u010dkog &hellip; <\/p>\n","protected":false},"author":2,"featured_media":19588,"comment_status":"open","ping_status":"open","sticky":false,"template":"","format":"standard","meta":{"footnotes":""},"categories":[1524,2,23,887,1517,3055],"tags":[1047,38],"_links":{"self":[{"href":"https:\/\/centralmedia.rs\/index.php\/wp-json\/wp\/v2\/posts\/19587"}],"collection":[{"href":"https:\/\/centralmedia.rs\/index.php\/wp-json\/wp\/v2\/posts"}],"about":[{"href":"https:\/\/centralmedia.rs\/index.php\/wp-json\/wp\/v2\/types\/post"}],"author":[{"embeddable":true,"href":"https:\/\/centralmedia.rs\/index.php\/wp-json\/wp\/v2\/users\/2"}],"replies":[{"embeddable":true,"href":"https:\/\/centralmedia.rs\/index.php\/wp-json\/wp\/v2\/comments?post=19587"}],"version-history":[{"count":1,"href":"https:\/\/centralmedia.rs\/index.php\/wp-json\/wp\/v2\/posts\/19587\/revisions"}],"predecessor-version":[{"id":19598,"href":"https:\/\/centralmedia.rs\/index.php\/wp-json\/wp\/v2\/posts\/19587\/revisions\/19598"}],"wp:featuredmedia":[{"embeddable":true,"href":"https:\/\/centralmedia.rs\/index.php\/wp-json\/wp\/v2\/media\/19588"}],"wp:attachment":[{"href":"https:\/\/centralmedia.rs\/index.php\/wp-json\/wp\/v2\/media?parent=19587"}],"wp:term":[{"taxonomy":"category","embeddable":true,"href":"https:\/\/centralmedia.rs\/index.php\/wp-json\/wp\/v2\/categories?post=19587"},{"taxonomy":"post_tag","embeddable":true,"href":"https:\/\/centralmedia.rs\/index.php\/wp-json\/wp\/v2\/tags?post=19587"}],"curies":[{"name":"wp","href":"https:\/\/api.w.org\/{rel}","templated":true}]}}