{"id":19599,"date":"2019-08-14T09:55:57","date_gmt":"2019-08-14T09:55:57","guid":{"rendered":"http:\/\/centralmedia.rs\/?p=19599"},"modified":"2019-08-20T13:06:54","modified_gmt":"2019-08-20T13:06:54","slug":"slucaj-bivse-direktorke-czs-u-paracinu-kampanja-brutalnih-lazi-i-fasizacija-medija","status":"publish","type":"post","link":"https:\/\/centralmedia.rs\/index.php\/2019\/08\/14\/slucaj-bivse-direktorke-czs-u-paracinu-kampanja-brutalnih-lazi-i-fasizacija-medija\/","title":{"rendered":"SLU\u010cAJ BIV\u0160E DIREKTORKE CZS U PARA\u0106INU &#8211; KAMPANJA BRUTALNIH LA\u017dI I FA\u0160IZACIJA MEDIJA"},"content":{"rendered":"<p>PARA\u0106IN-Biv\u0161a direktorka Centra za socijalni rad u Para\u0107inu Biljana Mileni\u0107 Stojanovi\u0107 od ju\u010de je pod strahovitom torturom kriminalnih la\u017ei koje se po automatizmu objavljuju nacionalnim medijima. Ta medijska delatnost ima ime i prezime, a re\u010d je o najobi\u010dnijoj propagandi la\u017enih vesti, na \u0161to vi\u0161e medija, koje se konstantno ponavljaju. Takva vrsta propagande osmi\u0161ljena je u \u010detvrtoj deceniji pro\u0161log veka u Nema\u010dkoj, a medijski stru\u010dnjaci i profesori su je nazvali fa\u0161izacija medija, odnosno konstantno ponavljanje jedne te iste la\u017ei, \u017ertva nema priliku da odgovori i gra\u0111ani la\u017e usvajaju kao istinu. Pretvaranje \u017ertve u krivca za sopstvenu smrt bio je omiljeni recept tada\u0161njih medija, a o\u010digledno da ni dana\u0161nji nisu mnogo odmakli. Sa terena radija i \u0161tampe, postupak je prenet na elektronske medije. Bez trunke etike, profesionalizma i morala, urednici i novinari tzv.medija preuzeli su la\u017enu objavu sa ukradenog fejsbuk naloga Biljane Milenovi\u0107 Stojanovi\u0107 na dru\u0161tvenoj mre\u017ei i napravili medijsku hajku. Kampanja la\u017ei i fa\u0161izacije medija brutalno se obru\u0161ila sa svom bujicom la\u017ei, uvreda, kleveta na predsednika op\u0161tine Sa\u0161u Paunovi\u0107a, \u0161to je o\u010digledno bio i cilj. \u00a0Naravno, kada je nesre\u0107na \u017eena uspela da, uz pomo\u0107 policije i prijatelja, povrati nalog i uputi demant, pomenuti \u00a0mediji su to ot\u0107utali. \u0160ta nam se se sprema, \u010demu da se nadamo, ako se ovako postupa prema jednoj nesre\u0107noj \u017eeni. Da li je ovo samo priprema za ne\u0161to mnogo gore? Ko je ukrao telefon, zloupotrebio i objavio sraman tekst na dru\u0161tvenoj mre\u017ei, poslao nacionalnim medijima koji su ga horski preneli bez da kontaktiraju izvor, za\u0161to nigde nema demanta, samo je deo pitanja na koja nikada ne\u0107emo dobiti odgovor.<\/p>\n<p>Prenosimo demant Biljane Milenovi\u0107 Stojanovi\u0107:<\/p>\n<p>Po\u0161tovani prijatelji, objavljujem: nepoznati kriminalci danas su mi u Centru za socijalni rad ukrali telefon i zloupotrebili moj fejsbuk nalog. Tek sada sam uspela da povratim kontrolu, uz pomo\u0107 policije koja mi je omogu\u0107ila pristup podacima u mojoj kancelariji u Centru.<br \/>\nSIGURNA SAM: MOJ TELEFON SU UKRALI DA BI NAPISALI OBJAVU NA FEJSBUKU KOJA SE ODMAH NA\u0160LA NA PINKU. RE\u010c JE O OZBILJNIM KRIMINALCIMA. Za mene nema sumnje da je re\u010d o istim onima koji su protiv mene vodili kampanju, povezanih sa Srpskom naprednom strankom u Para\u0107inu.<br \/>\nObjavljujem da je prethodna objava na fejsbuku na mom profilu obi\u010dna la\u017e.<br \/>\nHvala policiji, hvala obezbe\u0111enju, hvala prijateljima sa tehni\u010dkim znanjem koji su uspeli da mi vrate kontrolu nad nalozima. Podne\u0107u prijave protiv svih lica za koja sumnjam da su u ovom u\u010destvovala. Sram da bude sve &#8220;medije&#8221; koji su bez provere preneli ovu la\u017enu objavu.<\/p>\n","protected":false},"excerpt":{"rendered":"<p>PARA\u0106IN-Biv\u0161a direktorka Centra za socijalni rad u Para\u0107inu Biljana Mileni\u0107 Stojanovi\u0107 od ju\u010de je pod strahovitom torturom kriminalnih la\u017ei koje se po automatizmu objavljuju nacionalnim &hellip; <\/p>\n","protected":false},"author":2,"featured_media":18737,"comment_status":"open","ping_status":"open","sticky":false,"template":"","format":"standard","meta":{"footnotes":""},"categories":[1524,20,2,1516,887,12],"tags":[3962,3963,156],"_links":{"self":[{"href":"https:\/\/centralmedia.rs\/index.php\/wp-json\/wp\/v2\/posts\/19599"}],"collection":[{"href":"https:\/\/centralmedia.rs\/index.php\/wp-json\/wp\/v2\/posts"}],"about":[{"href":"https:\/\/centralmedia.rs\/index.php\/wp-json\/wp\/v2\/types\/post"}],"author":[{"embeddable":true,"href":"https:\/\/centralmedia.rs\/index.php\/wp-json\/wp\/v2\/users\/2"}],"replies":[{"embeddable":true,"href":"https:\/\/centralmedia.rs\/index.php\/wp-json\/wp\/v2\/comments?post=19599"}],"version-history":[{"count":3,"href":"https:\/\/centralmedia.rs\/index.php\/wp-json\/wp\/v2\/posts\/19599\/revisions"}],"predecessor-version":[{"id":19602,"href":"https:\/\/centralmedia.rs\/index.php\/wp-json\/wp\/v2\/posts\/19599\/revisions\/19602"}],"wp:featuredmedia":[{"embeddable":true,"href":"https:\/\/centralmedia.rs\/index.php\/wp-json\/wp\/v2\/media\/18737"}],"wp:attachment":[{"href":"https:\/\/centralmedia.rs\/index.php\/wp-json\/wp\/v2\/media?parent=19599"}],"wp:term":[{"taxonomy":"category","embeddable":true,"href":"https:\/\/centralmedia.rs\/index.php\/wp-json\/wp\/v2\/categories?post=19599"},{"taxonomy":"post_tag","embeddable":true,"href":"https:\/\/centralmedia.rs\/index.php\/wp-json\/wp\/v2\/tags?post=19599"}],"curies":[{"name":"wp","href":"https:\/\/api.w.org\/{rel}","templated":true}]}}