{"id":19610,"date":"2019-08-14T17:56:20","date_gmt":"2019-08-14T17:56:20","guid":{"rendered":"http:\/\/centralmedia.rs\/?p=19610"},"modified":"2019-08-20T13:07:16","modified_gmt":"2019-08-20T13:07:16","slug":"demant-opstine-paracin-povodom-teksta-u-medijima","status":"publish","type":"post","link":"https:\/\/centralmedia.rs\/index.php\/2019\/08\/14\/demant-opstine-paracin-povodom-teksta-u-medijima\/","title":{"rendered":"DEMANT OP\u0160TINE PARA\u0106IN POVODOM TEKSTA U MEDIJIMA"},"content":{"rendered":"<p>PREDMET: Demant (Odgovor)<\/p>\n<p>Povodom teksta koji su objavili portali pink.rs, alo.rs i novosti.rs u utorak, 13.avgusta 2019 godine, Odsek za informisanje Skup\u0161tine op\u0161tine Para\u0107in na ove portale poslao je slede\u0107i demanti (odgovor):<\/p>\n<p>Objavljeni tekst u potpunosti se zasniva na la\u017enoj objavi sa ukradenog telefona o\u0161te\u0107ene Biljane Milenovi\u0107 Stojanovi\u0107, bez ikakve provere koja je lako bila mogu\u0107a.<\/p>\n<p>ISTINA JE: biv\u0161oj direktorki Centra za socijalni rad u Para\u0107inu Biljani Milenovi\u0107 Stojanovi\u0107 u utorak, 13.avgusta 2019. ukraden je telefon u prostorijama Centra gde radi kao socijalni radnik.<\/p>\n<p>Biljana Milenovi\u0107 Stojanovi\u0107 je broj telefona blokirala u toku radnog vremena. U 18.50 \u010dasova koriste\u0107i se tim telefonom nepoznato lice objavilo je la\u017eni status na FB i promenio njenu profilnu sliku koju do tada nije imala koriste\u0107i se jednom od njenih fotografija sa profila. O ovoj \u010dinjenici Biljanu su obavestili \u010dlanovi njene porodice koji su odmah u komentarima uz objavu napisali da je telefon ukraden, \u0161to je bilo svima vidljivo.<\/p>\n<p>Kako Biljana Milenovi\u0107 Stojanovi\u0107 ne poseduje velika informati\u010dka znanja, jedini na\u010din da povrati nalog bio je da do\u0111e do svoje kancelarije i iskoristi \u0161ifre za pristup koje je zapisivala u radnoj svesci. Da bi ovo bilo mogu\u0107e zatra\u017eila je asistenciju profesionalnog obezbe\u0111enja Centra za socijalni rad i Policije, koji su to i u\u010dinili.<\/p>\n<p>Posle toga Biljana Milenovi\u0107 Stojanovi\u0107 povratila je kontrolu nad svojim nalogom, uklonila la\u017enu objavu, objavila demanti i u snimljenoj izjavi objasnila \u0161ta se de\u0161avalo.<\/p>\n<p>Iz svega navedenog, jasno je da se \u010ditav Va\u0161 \u010dlanak zasniva na kori\u0161\u0107enju\u00a0 la\u017ene objave koja je na FB postavljena sa predumi\u0161ljajem uz kori\u0161\u0107enje ukradenog telefona, a da ste isti objavili bez ikakve provere koja je lako bila mogu\u0107a.<\/p>\n<p>Ne sumnjamo da \u0107e nadle\u017ene institucije u\u010diniti sve i razotkriti ovo kriminalno delo, ali apelujemo da naru\u010dioci i vinovnici \u00a0budu adekvatno ka\u017enjeni kako se ovakve stvari ne bi ponovile ni u jednom gradu. U\u010dinjena je ogromna \u0161teta: naru\u0161en je du\u0161evni mir radnice Centra za socijalni rad, naru\u0161en je ugled predsednika op\u0161tine Para\u0107in i od ju\u010de niko ko je zaposlen u Op\u0161tinskoj upravi, preduze\u0107ima i ustanovama u Para\u0107inu ne ose\u0107a se sigurno, jer ne znamo ko je slede\u0107i na koga \u0107e se obru\u0161iti bujica la\u017ei, samo da bi se zadovoljili sebi\u010dni interesi pojedinaca koji na \u017ealost vode op\u0161tinski odbor Srpske napredne stranke u Para\u0107inu.<\/p>\n<p>&nbsp;<\/p>\n<p><strong>\u00a0<\/strong><\/p>\n<p><strong>\u00a0<\/strong><\/p>\n<p><strong>ODSEK ZA INFORMISANjE SKUP\u0160TINE OP\u0160TINE PARA\u0106IN<\/strong><\/p>\n<p><strong>1<\/strong><strong>4<\/strong><strong>.0<\/strong><strong>8<\/strong><strong>.2019.<\/strong><\/p>\n","protected":false},"excerpt":{"rendered":"<p>PREDMET: Demant (Odgovor) Povodom teksta koji su objavili portali pink.rs, alo.rs i novosti.rs u utorak, 13.avgusta 2019 godine, Odsek za informisanje Skup\u0161tine op\u0161tine Para\u0107in na &hellip; <\/p>\n","protected":false},"author":2,"featured_media":11816,"comment_status":"open","ping_status":"open","sticky":false,"template":"","format":"standard","meta":{"footnotes":""},"categories":[1524,2,1516,13,887,12],"tags":[2340,3718],"_links":{"self":[{"href":"https:\/\/centralmedia.rs\/index.php\/wp-json\/wp\/v2\/posts\/19610"}],"collection":[{"href":"https:\/\/centralmedia.rs\/index.php\/wp-json\/wp\/v2\/posts"}],"about":[{"href":"https:\/\/centralmedia.rs\/index.php\/wp-json\/wp\/v2\/types\/post"}],"author":[{"embeddable":true,"href":"https:\/\/centralmedia.rs\/index.php\/wp-json\/wp\/v2\/users\/2"}],"replies":[{"embeddable":true,"href":"https:\/\/centralmedia.rs\/index.php\/wp-json\/wp\/v2\/comments?post=19610"}],"version-history":[{"count":1,"href":"https:\/\/centralmedia.rs\/index.php\/wp-json\/wp\/v2\/posts\/19610\/revisions"}],"predecessor-version":[{"id":19611,"href":"https:\/\/centralmedia.rs\/index.php\/wp-json\/wp\/v2\/posts\/19610\/revisions\/19611"}],"wp:featuredmedia":[{"embeddable":true,"href":"https:\/\/centralmedia.rs\/index.php\/wp-json\/wp\/v2\/media\/11816"}],"wp:attachment":[{"href":"https:\/\/centralmedia.rs\/index.php\/wp-json\/wp\/v2\/media?parent=19610"}],"wp:term":[{"taxonomy":"category","embeddable":true,"href":"https:\/\/centralmedia.rs\/index.php\/wp-json\/wp\/v2\/categories?post=19610"},{"taxonomy":"post_tag","embeddable":true,"href":"https:\/\/centralmedia.rs\/index.php\/wp-json\/wp\/v2\/tags?post=19610"}],"curies":[{"name":"wp","href":"https:\/\/api.w.org\/{rel}","templated":true}]}}