{"id":19612,"date":"2019-08-19T14:12:39","date_gmt":"2019-08-19T14:12:39","guid":{"rendered":"http:\/\/centralmedia.rs\/?p=19612"},"modified":"2019-08-27T12:07:07","modified_gmt":"2019-08-27T12:07:07","slug":"3-vinska-promenada-u-paracinu","status":"publish","type":"post","link":"https:\/\/centralmedia.rs\/index.php\/2019\/08\/19\/3-vinska-promenada-u-paracinu\/","title":{"rendered":"3. VINSKA PROMENADA U PARA\u0106INU"},"content":{"rendered":"<p>PARA\u0106IN- Na 3. Vinskoj promenadi u Para\u0107inu u\u010destvovalo je 20 vinara iz lokalnih gradova, a festivalska atmosfera i lep ambijent u parku pored Crnice privukli su oko hiljadu ljubitelja vina. Gosti su bili predsednik Vite\u0161kih redova Ma\u0111arske, vinski vitezovi iz Srbije.<\/p>\n<div id='gallery-1' class='gallery galleryid-19612 gallery-columns-3 gallery-size-thumbnail'><figure class='gallery-item'>\n\t\t\t<div class='gallery-icon landscape'>\n\t\t\t\t<a href='https:\/\/centralmedia.rs\/index.php\/2019\/08\/19\/3-vinska-promenada-u-paracinu\/vinska\/'><img loading=\"lazy\" decoding=\"async\" width=\"150\" height=\"150\" src=\"https:\/\/centralmedia.rs\/wp-content\/uploads\/2019\/08\/vinska-150x150.jpg\" class=\"attachment-thumbnail size-thumbnail\" alt=\"\" \/><\/a>\n\t\t\t<\/div><\/figure><figure class='gallery-item'>\n\t\t\t<div class='gallery-icon portrait'>\n\t\t\t\t<a href='https:\/\/centralmedia.rs\/index.php\/2019\/08\/19\/3-vinska-promenada-u-paracinu\/vinska1\/'><img loading=\"lazy\" decoding=\"async\" width=\"150\" height=\"150\" src=\"https:\/\/centralmedia.rs\/wp-content\/uploads\/2019\/08\/vinska1-150x150.jpg\" class=\"attachment-thumbnail size-thumbnail\" alt=\"\" \/><\/a>\n\t\t\t<\/div><\/figure><figure class='gallery-item'>\n\t\t\t<div class='gallery-icon landscape'>\n\t\t\t\t<a href='https:\/\/centralmedia.rs\/index.php\/2019\/08\/19\/3-vinska-promenada-u-paracinu\/vinska2\/'><img loading=\"lazy\" decoding=\"async\" width=\"150\" height=\"150\" src=\"https:\/\/centralmedia.rs\/wp-content\/uploads\/2019\/08\/vinska2-150x150.jpg\" class=\"attachment-thumbnail size-thumbnail\" alt=\"\" \/><\/a>\n\t\t\t<\/div><\/figure>\n\t\t<\/div>\n\n","protected":false},"excerpt":{"rendered":"<p>PARA\u0106IN- Na 3. Vinskoj promenadi u Para\u0107inu u\u010destvovalo je 20 vinara iz lokalnih gradova, a festivalska atmosfera i lep ambijent u parku pored Crnice privukli &hellip; <\/p>\n","protected":false},"author":2,"featured_media":19613,"comment_status":"open","ping_status":"open","sticky":false,"template":"","format":"standard","meta":{"footnotes":""},"categories":[1524,2,23,1516,887,3054],"tags":[156,3964],"_links":{"self":[{"href":"https:\/\/centralmedia.rs\/index.php\/wp-json\/wp\/v2\/posts\/19612"}],"collection":[{"href":"https:\/\/centralmedia.rs\/index.php\/wp-json\/wp\/v2\/posts"}],"about":[{"href":"https:\/\/centralmedia.rs\/index.php\/wp-json\/wp\/v2\/types\/post"}],"author":[{"embeddable":true,"href":"https:\/\/centralmedia.rs\/index.php\/wp-json\/wp\/v2\/users\/2"}],"replies":[{"embeddable":true,"href":"https:\/\/centralmedia.rs\/index.php\/wp-json\/wp\/v2\/comments?post=19612"}],"version-history":[{"count":1,"href":"https:\/\/centralmedia.rs\/index.php\/wp-json\/wp\/v2\/posts\/19612\/revisions"}],"predecessor-version":[{"id":19616,"href":"https:\/\/centralmedia.rs\/index.php\/wp-json\/wp\/v2\/posts\/19612\/revisions\/19616"}],"wp:featuredmedia":[{"embeddable":true,"href":"https:\/\/centralmedia.rs\/index.php\/wp-json\/wp\/v2\/media\/19613"}],"wp:attachment":[{"href":"https:\/\/centralmedia.rs\/index.php\/wp-json\/wp\/v2\/media?parent=19612"}],"wp:term":[{"taxonomy":"category","embeddable":true,"href":"https:\/\/centralmedia.rs\/index.php\/wp-json\/wp\/v2\/categories?post=19612"},{"taxonomy":"post_tag","embeddable":true,"href":"https:\/\/centralmedia.rs\/index.php\/wp-json\/wp\/v2\/tags?post=19612"}],"curies":[{"name":"wp","href":"https:\/\/api.w.org\/{rel}","templated":true}]}}