{"id":19620,"date":"2019-08-19T14:23:08","date_gmt":"2019-08-19T14:23:08","guid":{"rendered":"http:\/\/centralmedia.rs\/?p=19620"},"modified":"2019-08-27T12:07:13","modified_gmt":"2019-08-27T12:07:13","slug":"obelezena-214-godisnjica-ivankovacke-bitke","status":"publish","type":"post","link":"https:\/\/centralmedia.rs\/index.php\/2019\/08\/19\/obelezena-214-godisnjica-ivankovacke-bitke\/","title":{"rendered":"OBELE\u017dENA 214. GODI\u0160NJICA IVANKOVA\u010cKE BITKE"},"content":{"rendered":"<p>\u0106UPRIJA- Na spomen kompleksu \u201e\u0160an\u010devi&#8221; u Ivankovcu kod \u0106uprije ju\u010de je obele\u017eena 214. godi\u0161njica prve pobede Kara\u0111or\u0111eve ustani\u010dke vojske nad regularnim turskim jedinicama. Posle opela Ivankova\u010dkim junacima na spomen obele\u017eje vence su polo\u017eile delegacije Vlade Srbije, Op\u0161tine \u0106uprija, Vojske Srbije i Udru\u017eenja oslobodila\u010dkih ratova Srbije. O zna\u010daju Ivankova\u010dke bitke na \u0161irenje Prvog srpskog ustanka, ali i na sveukupan razvoj srpske dr\u017eavnosti govorili su Zoran Anti\u0107,dr\u017eavni sekretar Ministarstva za rad, bora\u010dka i socijalna pitanja i Ilija Paunovi\u0107, zamenik predsednika op\u0161tine \u0106uprija.\u00a0 U umetni\u010dkom programu u\u010destvovao je gradski hor \u201eMargi\u201c, a ceremonija je zavr\u0161ena pucnjem iz tre\u0161njevog topa, replikom istog kakvim su se ustanici suprotstavili turskoj vojsci.<\/p>\n<div id='gallery-1' class='gallery galleryid-19620 gallery-columns-5 gallery-size-thumbnail'><figure class='gallery-item'>\n\t\t\t<div class='gallery-icon landscape'>\n\t\t\t\t<a href='https:\/\/centralmedia.rs\/index.php\/2019\/08\/19\/obelezena-214-godisnjica-ivankovacke-bitke\/antic-2\/'><img loading=\"lazy\" decoding=\"async\" width=\"150\" height=\"150\" src=\"https:\/\/centralmedia.rs\/wp-content\/uploads\/2019\/08\/antic-150x150.jpg\" class=\"attachment-thumbnail size-thumbnail\" alt=\"\" \/><\/a>\n\t\t\t<\/div><\/figure><figure class='gallery-item'>\n\t\t\t<div class='gallery-icon landscape'>\n\t\t\t\t<a href='https:\/\/centralmedia.rs\/index.php\/2019\/08\/19\/obelezena-214-godisnjica-ivankovacke-bitke\/ilija\/'><img loading=\"lazy\" decoding=\"async\" width=\"150\" height=\"150\" src=\"https:\/\/centralmedia.rs\/wp-content\/uploads\/2019\/08\/ilija-150x150.jpg\" class=\"attachment-thumbnail size-thumbnail\" alt=\"\" \/><\/a>\n\t\t\t<\/div><\/figure><figure class='gallery-item'>\n\t\t\t<div class='gallery-icon landscape'>\n\t\t\t\t<a href='https:\/\/centralmedia.rs\/index.php\/2019\/08\/19\/obelezena-214-godisnjica-ivankovacke-bitke\/ivankovac2019-9\/'><img loading=\"lazy\" decoding=\"async\" width=\"150\" height=\"150\" src=\"https:\/\/centralmedia.rs\/wp-content\/uploads\/2019\/08\/ivankovac2019-9-150x150.jpg\" class=\"attachment-thumbnail size-thumbnail\" alt=\"\" \/><\/a>\n\t\t\t<\/div><\/figure><figure class='gallery-item'>\n\t\t\t<div class='gallery-icon landscape'>\n\t\t\t\t<a href='https:\/\/centralmedia.rs\/index.php\/2019\/08\/19\/obelezena-214-godisnjica-ivankovacke-bitke\/vojska\/'><img loading=\"lazy\" decoding=\"async\" width=\"150\" height=\"150\" src=\"https:\/\/centralmedia.rs\/wp-content\/uploads\/2019\/08\/vojska-150x150.jpg\" class=\"attachment-thumbnail size-thumbnail\" alt=\"\" \/><\/a>\n\t\t\t<\/div><\/figure><figure class='gallery-item'>\n\t\t\t<div class='gallery-icon landscape'>\n\t\t\t\t<a href='https:\/\/centralmedia.rs\/index.php\/2019\/08\/19\/obelezena-214-godisnjica-ivankovacke-bitke\/ivankovac2019-1\/'><img loading=\"lazy\" decoding=\"async\" width=\"150\" height=\"150\" src=\"https:\/\/centralmedia.rs\/wp-content\/uploads\/2019\/08\/ivankovac2019-1-150x150.jpg\" class=\"attachment-thumbnail size-thumbnail\" alt=\"\" \/><\/a>\n\t\t\t<\/div><\/figure>\n\t\t<\/div>\n\n","protected":false},"excerpt":{"rendered":"<p>\u0106UPRIJA- Na spomen kompleksu \u201e\u0160an\u010devi&#8221; u Ivankovcu kod \u0106uprije ju\u010de je obele\u017eena 214. godi\u0161njica prve pobede Kara\u0111or\u0111eve ustani\u010dke vojske nad regularnim turskim jedinicama. Posle opela &hellip; <\/p>\n","protected":false},"author":2,"featured_media":19621,"comment_status":"open","ping_status":"open","sticky":false,"template":"","format":"standard","meta":{"footnotes":""},"categories":[1515,14,1524,2,887,12],"tags":[44,3966],"_links":{"self":[{"href":"https:\/\/centralmedia.rs\/index.php\/wp-json\/wp\/v2\/posts\/19620"}],"collection":[{"href":"https:\/\/centralmedia.rs\/index.php\/wp-json\/wp\/v2\/posts"}],"about":[{"href":"https:\/\/centralmedia.rs\/index.php\/wp-json\/wp\/v2\/types\/post"}],"author":[{"embeddable":true,"href":"https:\/\/centralmedia.rs\/index.php\/wp-json\/wp\/v2\/users\/2"}],"replies":[{"embeddable":true,"href":"https:\/\/centralmedia.rs\/index.php\/wp-json\/wp\/v2\/comments?post=19620"}],"version-history":[{"count":1,"href":"https:\/\/centralmedia.rs\/index.php\/wp-json\/wp\/v2\/posts\/19620\/revisions"}],"predecessor-version":[{"id":19626,"href":"https:\/\/centralmedia.rs\/index.php\/wp-json\/wp\/v2\/posts\/19620\/revisions\/19626"}],"wp:featuredmedia":[{"embeddable":true,"href":"https:\/\/centralmedia.rs\/index.php\/wp-json\/wp\/v2\/media\/19621"}],"wp:attachment":[{"href":"https:\/\/centralmedia.rs\/index.php\/wp-json\/wp\/v2\/media?parent=19620"}],"wp:term":[{"taxonomy":"category","embeddable":true,"href":"https:\/\/centralmedia.rs\/index.php\/wp-json\/wp\/v2\/categories?post=19620"},{"taxonomy":"post_tag","embeddable":true,"href":"https:\/\/centralmedia.rs\/index.php\/wp-json\/wp\/v2\/tags?post=19620"}],"curies":[{"name":"wp","href":"https:\/\/api.w.org\/{rel}","templated":true}]}}