{"id":1963,"date":"2016-01-27T16:19:04","date_gmt":"2016-01-27T16:19:04","guid":{"rendered":"http:\/\/centralmedia.rs\/?p=1963"},"modified":"2016-01-27T16:19:48","modified_gmt":"2016-01-27T16:19:48","slug":"rekonstrukcija-u-svilajncu-skola-vise-ne-prokisnjava","status":"publish","type":"post","link":"https:\/\/centralmedia.rs\/index.php\/2016\/01\/27\/rekonstrukcija-u-svilajncu-skola-vise-ne-prokisnjava\/","title":{"rendered":"REKONSTRUKCIJA U SVILAJNCU &#8211; \u0160KOLA VI\u0160E NE PROKI\u0160NJAVA"},"content":{"rendered":"<p>SVILAJNAC-Zgrada  O\u0160 \u201eStevan Sin\u0111eli\u0107\u201c u Vojski kod Svilajnca vi\u0161e ne  proki\u0161njava, kazala je danas direktorka Vesna Mili\u0107 povodom zavr\u0161etka detaljne rekonstrukcije \u0161kole u vrednosti 12 miliona dinara.<br \/>\n \t-U\u010denici sada imaju mnogo bolje uslove, nema vi\u0161e proki\u0161njavanja i ovim projektom re\u0161ili smo sve na\u0161e infrastrukturne probleme. Zahvaljujem se op\u0161tinskom rukovodstvu \u0161to je omogu\u0107ilo i da adaptiramo u\u010dionicu isturenog odeljenja na\u0161e \u0161kole u Ma\u010devcu, dodala je ona.<br \/>\n<a href=\"https:\/\/centralmedia.rs\/wp-content\/uploads\/2016\/01\/skola-vojska-1-svilajnac-g.j..jpg\" rel=\"attachment wp-att-1965\"><img loading=\"lazy\" decoding=\"async\" src=\"https:\/\/centralmedia.rs\/wp-content\/uploads\/2016\/01\/skola-vojska-1-svilajnac-g.j.-300x200.jpg\" alt=\"skola vojska 1-svilajnac-g.j.\" width=\"300\" height=\"200\" class=\"alignnone size-medium wp-image-1965\" srcset=\"https:\/\/centralmedia.rs\/wp-content\/uploads\/2016\/01\/skola-vojska-1-svilajnac-g.j.-300x200.jpg 300w, https:\/\/centralmedia.rs\/wp-content\/uploads\/2016\/01\/skola-vojska-1-svilajnac-g.j.-768x512.jpg 768w, https:\/\/centralmedia.rs\/wp-content\/uploads\/2016\/01\/skola-vojska-1-svilajnac-g.j..jpg 960w\" sizes=\"(max-width: 300px) 100vw, 300px\" \/><\/a><br \/>\nPredsednik te op\u0161tine Predrag Milanovi\u0107, koji je  prisustvovao Svetosavskoj priredbi \u0111aka ove \u0161kole, izjavio je da ova \u0161kola jedna od  \u0161est \u010dija je rekonstrukcija zavr\u0161ena ili je u toku. Vrednost tih radova je oko 60 miliona dinara.<br \/>\n-Ovo je pola posla, planiramo ove godine da zamenimo i stolariju na ovoj \u0161koli, a sredi\u0107emo i \u0161kolu u Rado\u0161inu. Plan je da u narednih nekoliko godina sve na\u0161e \u0161kole izgledaju kao sve savremene \u0161kole u svetu,  objasnio je Milanovi\u0107.<br \/>\n<a href=\"https:\/\/centralmedia.rs\/wp-content\/uploads\/2016\/01\/skola-vojska-svilajnac-g.j..jpg\" rel=\"attachment wp-att-1966\"><img loading=\"lazy\" decoding=\"async\" src=\"https:\/\/centralmedia.rs\/wp-content\/uploads\/2016\/01\/skola-vojska-svilajnac-g.j.-300x200.jpg\" alt=\"skola vojska-svilajnac-g.j.\" width=\"300\" height=\"200\" class=\"alignnone size-medium wp-image-1966\" srcset=\"https:\/\/centralmedia.rs\/wp-content\/uploads\/2016\/01\/skola-vojska-svilajnac-g.j.-300x200.jpg 300w, https:\/\/centralmedia.rs\/wp-content\/uploads\/2016\/01\/skola-vojska-svilajnac-g.j.-768x512.jpg 768w, https:\/\/centralmedia.rs\/wp-content\/uploads\/2016\/01\/skola-vojska-svilajnac-g.j..jpg 960w\" sizes=\"(max-width: 300px) 100vw, 300px\" \/><\/a><br \/>\nZamenica predsednika op\u0161tine dr Danijela Stojadinovi\u0107 istakla je da je je danas dupli povod za obilazak ove \u0161kole i ,,pohvalila u\u010denike na sjajnoj Svetosavskoj priredbi\u201d.<br \/>\nNa ovoj \u0161koli je zamenjen krov, ura\u0111eni su novi podovi i izvr\u0161ene neophodne popravke, a prema re\u010dima direktorke ove \u0161kole Vesne Mili\u0107, rekonstrukcija je ko\u0161tala vi\u0161e od 12 miliona dinara.<\/p>\n","protected":false},"excerpt":{"rendered":"<p>SVILAJNAC-Zgrada O\u0160 \u201eStevan Sin\u0111eli\u0107\u201c u Vojski kod Svilajnca vi\u0161e ne proki\u0161njava, kazala je danas direktorka Vesna Mili\u0107 povodom zavr\u0161etka detaljne rekonstrukcije \u0161kole u vrednosti 12 &hellip; <\/p>\n","protected":false},"author":4,"featured_media":1964,"comment_status":"open","ping_status":"open","sticky":false,"template":"","format":"standard","meta":{"footnotes":""},"categories":[14,2,12],"tags":[497,38,498],"_links":{"self":[{"href":"https:\/\/centralmedia.rs\/index.php\/wp-json\/wp\/v2\/posts\/1963"}],"collection":[{"href":"https:\/\/centralmedia.rs\/index.php\/wp-json\/wp\/v2\/posts"}],"about":[{"href":"https:\/\/centralmedia.rs\/index.php\/wp-json\/wp\/v2\/types\/post"}],"author":[{"embeddable":true,"href":"https:\/\/centralmedia.rs\/index.php\/wp-json\/wp\/v2\/users\/4"}],"replies":[{"embeddable":true,"href":"https:\/\/centralmedia.rs\/index.php\/wp-json\/wp\/v2\/comments?post=1963"}],"version-history":[{"count":0,"href":"https:\/\/centralmedia.rs\/index.php\/wp-json\/wp\/v2\/posts\/1963\/revisions"}],"wp:featuredmedia":[{"embeddable":true,"href":"https:\/\/centralmedia.rs\/index.php\/wp-json\/wp\/v2\/media\/1964"}],"wp:attachment":[{"href":"https:\/\/centralmedia.rs\/index.php\/wp-json\/wp\/v2\/media?parent=1963"}],"wp:term":[{"taxonomy":"category","embeddable":true,"href":"https:\/\/centralmedia.rs\/index.php\/wp-json\/wp\/v2\/categories?post=1963"},{"taxonomy":"post_tag","embeddable":true,"href":"https:\/\/centralmedia.rs\/index.php\/wp-json\/wp\/v2\/tags?post=1963"}],"curies":[{"name":"wp","href":"https:\/\/api.w.org\/{rel}","templated":true}]}}