{"id":19631,"date":"2019-08-19T16:46:58","date_gmt":"2019-08-19T16:46:58","guid":{"rendered":"http:\/\/centralmedia.rs\/?p=19631"},"modified":"2019-08-27T12:07:20","modified_gmt":"2019-08-27T12:07:20","slug":"u-toku-radovi-na-prosirenju-u-predskolskoj-ustanovi-decja-radost-upis-novih-70-predskolaca","status":"publish","type":"post","link":"https:\/\/centralmedia.rs\/index.php\/2019\/08\/19\/u-toku-radovi-na-prosirenju-u-predskolskoj-ustanovi-decja-radost-upis-novih-70-predskolaca\/","title":{"rendered":"U TOKU RADOVI NA PRO\u0160IRENJU U PRED\u0160KOLSKOJ USTANOVI \u201eDE\u010cJA RADOST\u201c &#8211; UPIS NOVIH 70 PRED\u0160KOLACA"},"content":{"rendered":"<p>SVILAJNAC-U saradnji sa Fondacijom Novak \u0110okovi\u0107 i Ministarstvom rudarstva i energetike u Pred\u0161kolskoj ustanovi \u201eDe\u010dja radost\u201c u Svilajncu bi\u0107e realizovana je adaptacija dva objekta i potkrovlja jednog, \u0161to \u0107e pro\u0161iriti kapacitet za sve brojniju decu pred\u0161kolskog uzrasta. Zahvaljuju\u0107i donaciji Fondacije Novak \u0110okovi\u0107 od 18 miliona dinara bi\u0107e rekonstruisano 420 kvadrata prostora, a vrti\u0107 \u0107e mo\u0107i da\u00a0se upi\u0161e jo\u0161 oko 70 pred\u0161kolaca..<\/p>\n<p>Predrag Milanovi\u0107, predsednik Op\u0161tine Svilajnac, obi\u0161ao je radove u vrti\u0107u.<br \/>\n&#8211; Tre\u0107i objekat vrti\u0107a radimo zajedno sa Fondacijom Novak \u0110okovi\u0107 i jako smo zahvalni na sredstvima koje su odvojili, jer zavr\u0161avamo posao, koji nije bio zavr\u0161en 10 godina. Sa druge strane, Ministarstvo rudarstva i energetike nam je obezbedilo sredstva za adaptaciju oba objekta radi pobolj\u0161anja energetske efikasnosti. Zna\u010dajno je uve\u0107an broj dece u poslednjih par godina, tako da je pove\u0107anje kapaciteta bilo neophodno i po zavr\u0161etku radova \u0107emo do\u010dekati nove pred\u0161kolce u sre\u0111enim objektima, rekao je on.<\/p>\n<p><img loading=\"lazy\" decoding=\"async\" class=\"alignnone wp-image-19634 size-large\" src=\"http:\/\/centralmedia.rs\/wp-content\/uploads\/2019\/08\/milanovic-svilajnac-1024x683.jpg\" alt=\"\" width=\"640\" height=\"427\" srcset=\"https:\/\/centralmedia.rs\/wp-content\/uploads\/2019\/08\/milanovic-svilajnac-1024x683.jpg 1024w, https:\/\/centralmedia.rs\/wp-content\/uploads\/2019\/08\/milanovic-svilajnac-300x200.jpg 300w, https:\/\/centralmedia.rs\/wp-content\/uploads\/2019\/08\/milanovic-svilajnac-768x512.jpg 768w, https:\/\/centralmedia.rs\/wp-content\/uploads\/2019\/08\/milanovic-svilajnac-630x420.jpg 630w, https:\/\/centralmedia.rs\/wp-content\/uploads\/2019\/08\/milanovic-svilajnac-640x427.jpg 640w, https:\/\/centralmedia.rs\/wp-content\/uploads\/2019\/08\/milanovic-svilajnac-681x454.jpg 681w, https:\/\/centralmedia.rs\/wp-content\/uploads\/2019\/08\/milanovic-svilajnac.jpg 1050w\" sizes=\"(max-width: 640px) 100vw, 640px\" \/><\/p>\n<p>Radovi na oba objekta obuhvataju ma\u0161inske instalacije za oba objekta i za toplu vezu, fasadu na oba objekta i na toploj vezi, zamenu spoljne drvene stolarije, gletovanje i kre\u010denje i postavljanje novih horizontalnih i vertikalnih oluka i svih limenih op\u0161ivki. Radovi na potkrovlju obuhvataju adaptaciju tri radne sobe sa toaletima, hodnika i dnevnog boravka-sale, rekonstrukciju krovne konstrukcije (postavljanje novih letvi, OSB tabli, izolacije i novog krovnog pokriva\u010da), sanaciju toaleta (izrada hidroizolacije, postavljanje keramike, sanitarija), sanaciju instalacija vodovoda i kanalizacije, postavljanje nove unutra\u0161nje stolarije, postavljanje podnih obloga, sanaciju elektroinstalacija i postavljanje led rasvete i dojave po\u017eara za ceo objekat broj 3.<\/p>\n<p>Plan je da se pored gra\u0111evinskih radova i rekonstrukcije prostora, deci obezbedi i novi kvalitetni name\u0161taj, didaktika, knjige, igra\u010dke i sva prate\u0107a audio oprema, kako bi im boravak u vrti\u0107u bio \u0161to kvalitetniji.<\/p>\n","protected":false},"excerpt":{"rendered":"<p>SVILAJNAC-U saradnji sa Fondacijom Novak \u0110okovi\u0107 i Ministarstvom rudarstva i energetike u Pred\u0161kolskoj ustanovi \u201eDe\u010dja radost\u201c u Svilajncu bi\u0107e realizovana je adaptacija dva objekta i &hellip; <\/p>\n","protected":false},"author":2,"featured_media":19633,"comment_status":"open","ping_status":"open","sticky":false,"template":"","format":"standard","meta":{"footnotes":""},"categories":[1524,2,887,16,12,1517],"tags":[378,2179,38],"_links":{"self":[{"href":"https:\/\/centralmedia.rs\/index.php\/wp-json\/wp\/v2\/posts\/19631"}],"collection":[{"href":"https:\/\/centralmedia.rs\/index.php\/wp-json\/wp\/v2\/posts"}],"about":[{"href":"https:\/\/centralmedia.rs\/index.php\/wp-json\/wp\/v2\/types\/post"}],"author":[{"embeddable":true,"href":"https:\/\/centralmedia.rs\/index.php\/wp-json\/wp\/v2\/users\/2"}],"replies":[{"embeddable":true,"href":"https:\/\/centralmedia.rs\/index.php\/wp-json\/wp\/v2\/comments?post=19631"}],"version-history":[{"count":1,"href":"https:\/\/centralmedia.rs\/index.php\/wp-json\/wp\/v2\/posts\/19631\/revisions"}],"predecessor-version":[{"id":19635,"href":"https:\/\/centralmedia.rs\/index.php\/wp-json\/wp\/v2\/posts\/19631\/revisions\/19635"}],"wp:featuredmedia":[{"embeddable":true,"href":"https:\/\/centralmedia.rs\/index.php\/wp-json\/wp\/v2\/media\/19633"}],"wp:attachment":[{"href":"https:\/\/centralmedia.rs\/index.php\/wp-json\/wp\/v2\/media?parent=19631"}],"wp:term":[{"taxonomy":"category","embeddable":true,"href":"https:\/\/centralmedia.rs\/index.php\/wp-json\/wp\/v2\/categories?post=19631"},{"taxonomy":"post_tag","embeddable":true,"href":"https:\/\/centralmedia.rs\/index.php\/wp-json\/wp\/v2\/tags?post=19631"}],"curies":[{"name":"wp","href":"https:\/\/api.w.org\/{rel}","templated":true}]}}