{"id":19637,"date":"2019-08-20T06:52:32","date_gmt":"2019-08-20T06:52:32","guid":{"rendered":"http:\/\/centralmedia.rs\/?p=19637"},"modified":"2019-08-27T12:07:25","modified_gmt":"2019-08-27T12:07:25","slug":"poceli-27-dani-srpskog-duhovnoga-preobrazenja","status":"publish","type":"post","link":"https:\/\/centralmedia.rs\/index.php\/2019\/08\/20\/poceli-27-dani-srpskog-duhovnoga-preobrazenja\/","title":{"rendered":"PO\u010cELI 27. DANI SRPSKOG DUHOVNOGA PREOBRA\u017dENJA"},"content":{"rendered":"<p>DESPOTOVAC- Pesmom ,,Oj Srbijo mila mati&#8221; u izvo\u0111enju Gradskogi hora Beograd sino\u0107 su po\u010deli su 27. Dani srpskoga duhovnoga preobra\u017eenja u Despotovcu, a publika je na trgu Despota Stefana Lazarevi\u0107a imala priliku da \u010duje duhovne i svetovne pesme. Program ovogodi\u0161njeg Preobra\u017eenja je sadr\u017eajno veoma bogat, kvalitetan i dinami\u010dan, a ono \u0161to ga izdvaja je 21. Nau\u010dni skup ,,Srednji vek u nauci, istoriji, knji\u017eevnosti i umetnosti&#8221;.<\/p>\n<p>&#8211; Ovde je srednjevekovni univerzitet, ali ni drugi univerziteti tog vremena nisu bili mnogo druga\u010diji od manastira Manasija. Despotovac postaje centar prou\u010davanja srednjeg veka u svim disciplinama i to izdvaja manifestaciju od sli\u010dnih, kazala \u00a0je akadmik Zlata Bojovi\u0107, \u010dlan Programskog saveta.<\/p>\n<p><img loading=\"lazy\" decoding=\"async\" class=\"alignnone wp-image-19639 size-large\" src=\"http:\/\/centralmedia.rs\/wp-content\/uploads\/2019\/08\/program-preobrazenje-1024x515.jpg\" alt=\"\" width=\"640\" height=\"322\" srcset=\"https:\/\/centralmedia.rs\/wp-content\/uploads\/2019\/08\/program-preobrazenje-1024x515.jpg 1024w, https:\/\/centralmedia.rs\/wp-content\/uploads\/2019\/08\/program-preobrazenje-300x151.jpg 300w, https:\/\/centralmedia.rs\/wp-content\/uploads\/2019\/08\/program-preobrazenje-768x386.jpg 768w, https:\/\/centralmedia.rs\/wp-content\/uploads\/2019\/08\/program-preobrazenje-836x420.jpg 836w, https:\/\/centralmedia.rs\/wp-content\/uploads\/2019\/08\/program-preobrazenje-640x322.jpg 640w, https:\/\/centralmedia.rs\/wp-content\/uploads\/2019\/08\/program-preobrazenje-681x342.jpg 681w, https:\/\/centralmedia.rs\/wp-content\/uploads\/2019\/08\/program-preobrazenje.jpg 2048w\" sizes=\"(max-width: 640px) 100vw, 640px\" \/><\/p>\n<p>Predsednik op\u0161tine Nikola Nikoli\u0107 i ministar Milan Krkobabi\u0107 otvorili su manifestaciju.<\/p>\n<p>-Ho\u0107emo ne\u0161to \u0161to \u0107e da nas pove\u017ee, vrati korenima, spre\u010di teku\u0107e i budu\u0107e deoba, a jedan jedini cilj je spe\u010davanje iseljavanja gra\u0111ana. To nam je zadatak, misija i mi moramo u tome da istrajemo. U na\u0161oj genetici stoji nasle\u0111e Manasije, nasle\u0111e Despota Stefana. Imamo obavezu duhovnosti, onog \u0161to predstavlja iskorak nauka, umetnost, znanje, poru\u010dio je Krkobabi\u0107.<\/p>\n<p>Nikoli\u0107 je najavio 5. Vite\u0161ki festival Just out od 23. do 25. avgusta, koji \u0107e okupiti oko 1.000 vitezova iz dvadesetak zemalja sveta.<\/p>\n<p>-Ve\u0107 27. godina \u010duvamo vrelo duhovnosti za\u010deto u Resavskoj \u0161koli. Despot Stefan je u najte\u017eim vremenima uspeo da sa\u010duva srpski narod i Srbiju, a ovom kraju podari Manasiju. Despotovac i Manasija narednih dana bi\u0107e mesto sabornosti. \u0160aljemo poruku za stvaranje lep\u0161e i bolje Srbije za koju se Despot Stefan borio ma\u010dem i perom, istakao je Nikoli\u0107.<\/p>\n<div id='gallery-1' class='gallery galleryid-19637 gallery-columns-5 gallery-size-thumbnail'><figure class='gallery-item'>\n\t\t\t<div class='gallery-icon landscape'>\n\t\t\t\t<a href='https:\/\/centralmedia.rs\/index.php\/2019\/08\/20\/poceli-27-dani-srpskog-duhovnoga-preobrazenja\/krkobavic\/'><img loading=\"lazy\" decoding=\"async\" width=\"150\" height=\"150\" src=\"https:\/\/centralmedia.rs\/wp-content\/uploads\/2019\/08\/krkobavic-150x150.jpg\" class=\"attachment-thumbnail size-thumbnail\" alt=\"\" \/><\/a>\n\t\t\t<\/div><\/figure><figure class='gallery-item'>\n\t\t\t<div class='gallery-icon landscape'>\n\t\t\t\t<a href='https:\/\/centralmedia.rs\/index.php\/2019\/08\/20\/poceli-27-dani-srpskog-duhovnoga-preobrazenja\/preobrazenje-2\/'><img loading=\"lazy\" decoding=\"async\" width=\"150\" height=\"150\" src=\"https:\/\/centralmedia.rs\/wp-content\/uploads\/2019\/08\/preobrazenje-150x150.jpg\" class=\"attachment-thumbnail size-thumbnail\" alt=\"\" \/><\/a>\n\t\t\t<\/div><\/figure><figure class='gallery-item'>\n\t\t\t<div class='gallery-icon landscape'>\n\t\t\t\t<a href='https:\/\/centralmedia.rs\/index.php\/2019\/08\/20\/poceli-27-dani-srpskog-duhovnoga-preobrazenja\/preobrazenje2\/'><img loading=\"lazy\" decoding=\"async\" width=\"150\" height=\"150\" src=\"https:\/\/centralmedia.rs\/wp-content\/uploads\/2019\/08\/preobrazenje2-150x150.jpg\" class=\"attachment-thumbnail size-thumbnail\" alt=\"\" \/><\/a>\n\t\t\t<\/div><\/figure><figure class='gallery-item'>\n\t\t\t<div class='gallery-icon landscape'>\n\t\t\t\t<a href='https:\/\/centralmedia.rs\/index.php\/2019\/08\/20\/poceli-27-dani-srpskog-duhovnoga-preobrazenja\/perobrazenje1\/'><img loading=\"lazy\" decoding=\"async\" width=\"150\" height=\"150\" src=\"https:\/\/centralmedia.rs\/wp-content\/uploads\/2019\/08\/perobrazenje1-150x150.jpg\" class=\"attachment-thumbnail size-thumbnail\" alt=\"\" \/><\/a>\n\t\t\t<\/div><\/figure><figure class='gallery-item'>\n\t\t\t<div class='gallery-icon landscape'>\n\t\t\t\t<a href='https:\/\/centralmedia.rs\/index.php\/2019\/08\/20\/poceli-27-dani-srpskog-duhovnoga-preobrazenja\/nikolic1\/'><img loading=\"lazy\" decoding=\"async\" width=\"150\" height=\"150\" src=\"https:\/\/centralmedia.rs\/wp-content\/uploads\/2019\/08\/nikolic1-150x150.jpg\" class=\"attachment-thumbnail size-thumbnail\" alt=\"\" \/><\/a>\n\t\t\t<\/div><\/figure>\n\t\t<\/div>\n\n<p>Pozori\u0161ne predstave, koncerti d\u017eeza i popularne muzike, izlo\u017ebe slika, knji\u017eevne ve\u010deri samo su deo onoga \u0161to \u0107e biti predstavljeno na ovoj manifestaciji na kojoj u\u010destvuju akademici i profesori, poznati likovni umetnici, Matija\u00a0 Be\u0107kovi\u0107, Bisera Veletanli\u0107 i Vasil Had\u017eimanov, Balkanika i Ivana \u017digon, Aleksandar Sedlar i Beogradske simfonijete, Aleksandra Radovi\u0107 i Kerber, Kru\u0161eva\u010dko pozori\u0161te, Folklorni ansambl \u0160panac. Manifesacija se zavr\u0161ava 28. avgusta.<\/p>\n","protected":false},"excerpt":{"rendered":"<p>DESPOTOVAC- Pesmom ,,Oj Srbijo mila mati&#8221; u izvo\u0111enju Gradskogi hora Beograd sino\u0107 su po\u010deli su 27. Dani srpskoga duhovnoga preobra\u017eenja u Despotovcu, a publika je &hellip; <\/p>\n","protected":false},"author":2,"featured_media":19638,"comment_status":"open","ping_status":"open","sticky":false,"template":"","format":"standard","meta":{"footnotes":""},"categories":[1518,1524,2,15,887,12],"tags":[51,3968,138],"_links":{"self":[{"href":"https:\/\/centralmedia.rs\/index.php\/wp-json\/wp\/v2\/posts\/19637"}],"collection":[{"href":"https:\/\/centralmedia.rs\/index.php\/wp-json\/wp\/v2\/posts"}],"about":[{"href":"https:\/\/centralmedia.rs\/index.php\/wp-json\/wp\/v2\/types\/post"}],"author":[{"embeddable":true,"href":"https:\/\/centralmedia.rs\/index.php\/wp-json\/wp\/v2\/users\/2"}],"replies":[{"embeddable":true,"href":"https:\/\/centralmedia.rs\/index.php\/wp-json\/wp\/v2\/comments?post=19637"}],"version-history":[{"count":2,"href":"https:\/\/centralmedia.rs\/index.php\/wp-json\/wp\/v2\/posts\/19637\/revisions"}],"predecessor-version":[{"id":19645,"href":"https:\/\/centralmedia.rs\/index.php\/wp-json\/wp\/v2\/posts\/19637\/revisions\/19645"}],"wp:featuredmedia":[{"embeddable":true,"href":"https:\/\/centralmedia.rs\/index.php\/wp-json\/wp\/v2\/media\/19638"}],"wp:attachment":[{"href":"https:\/\/centralmedia.rs\/index.php\/wp-json\/wp\/v2\/media?parent=19637"}],"wp:term":[{"taxonomy":"category","embeddable":true,"href":"https:\/\/centralmedia.rs\/index.php\/wp-json\/wp\/v2\/categories?post=19637"},{"taxonomy":"post_tag","embeddable":true,"href":"https:\/\/centralmedia.rs\/index.php\/wp-json\/wp\/v2\/tags?post=19637"}],"curies":[{"name":"wp","href":"https:\/\/api.w.org\/{rel}","templated":true}]}}