{"id":19660,"date":"2019-08-20T18:31:23","date_gmt":"2019-08-20T18:31:23","guid":{"rendered":"http:\/\/centralmedia.rs\/?p=19660"},"modified":"2019-08-27T12:08:10","modified_gmt":"2019-08-27T12:08:10","slug":"5-viteski-festival-just-out-u-manastiru-manasija","status":"publish","type":"post","link":"https:\/\/centralmedia.rs\/index.php\/2019\/08\/20\/5-viteski-festival-just-out-u-manastiru-manasija\/","title":{"rendered":"5. VITE\u0160KI FESTIVAL JUST OUT U MANASTIRU MANASIJA"},"content":{"rendered":"<p>DESPOTOVAC, Manastir Manasija, avgust 2019\u00a0&#8211; Vite\u0161ki festival\u00a0Just Out \u2013 Manasija\u00a0odr\u017ea\u0107e se ove godine\u00a0od 23. do 25. avgusta\u00a0podno veli\u010danstvenih zidina manastira Manasija\u00a0u znak se\u0107anja na 6 vekova\u00a0od kada je\u00a0despot Stefan Lazarevi\u0107 sagradio jedno od najlep\u0161ih srednjevekovnih zdanja sa crkvom Svete Trojice, 139 ma\u0161ikula i 11 kula.<\/p>\n<p><img loading=\"lazy\" decoding=\"async\" class=\"alignnone wp-image-19662 size-large\" src=\"http:\/\/centralmedia.rs\/wp-content\/uploads\/2019\/08\/7-1024x498.jpg\" alt=\"\" width=\"640\" height=\"311\" srcset=\"https:\/\/centralmedia.rs\/wp-content\/uploads\/2019\/08\/7-1024x498.jpg 1024w, https:\/\/centralmedia.rs\/wp-content\/uploads\/2019\/08\/7-300x146.jpg 300w, https:\/\/centralmedia.rs\/wp-content\/uploads\/2019\/08\/7-768x373.jpg 768w, https:\/\/centralmedia.rs\/wp-content\/uploads\/2019\/08\/7-864x420.jpg 864w, https:\/\/centralmedia.rs\/wp-content\/uploads\/2019\/08\/7-640x311.jpg 640w, https:\/\/centralmedia.rs\/wp-content\/uploads\/2019\/08\/7-681x331.jpg 681w, https:\/\/centralmedia.rs\/wp-content\/uploads\/2019\/08\/7.jpg 1280w\" sizes=\"(max-width: 640px) 100vw, 640px\" \/><\/p>\n<p>Beli Orlovi, vitezovi iz Srbije,\u00a0bi\u0107e doma\u0107ini vite\u0161kim timovima i\u00a0saborcima\u00a0iz vi\u0161e od dvadeset\u00a0dr\u017eava, iz\u00a0Francuske, Rusije, Ukrajine, Rumunije, Bugarske, Ma\u0111arske, Republike\u00a0Srpske, Hrvatske, Crne\u00a0Gore, Slovenije, \u010ce\u0161ke, Slova\u010dke, Turske, Austrije, Danske, \u0160vedske,\u00a0Norve\u0161ke, Belgije,\u00a0Italije, Austrije,\u00a0Jermenije, Sudana, Japana,\u00a0Irana\u2026\u00a0svi \u0107e oni svojom vite\u0161kom opremom, ode\u0107om, oru\u017ejem i ve\u0161tinama demonstrirati\u00a0 srednjevekovno borenje, kao i onda\u0161nji na\u010din \u017eivota u vite\u0161kom selu koje \u0107e biti sagra\u0111eno podno zidina manastira Manasija i uz levu obalu re\u010dice Resave.<\/p>\n<p><img loading=\"lazy\" decoding=\"async\" class=\"alignnone wp-image-19663 size-large\" src=\"http:\/\/centralmedia.rs\/wp-content\/uploads\/2019\/08\/11-1024x498.jpg\" alt=\"\" width=\"640\" height=\"311\" srcset=\"https:\/\/centralmedia.rs\/wp-content\/uploads\/2019\/08\/11-1024x498.jpg 1024w, https:\/\/centralmedia.rs\/wp-content\/uploads\/2019\/08\/11-300x146.jpg 300w, https:\/\/centralmedia.rs\/wp-content\/uploads\/2019\/08\/11-768x373.jpg 768w, https:\/\/centralmedia.rs\/wp-content\/uploads\/2019\/08\/11-864x420.jpg 864w, https:\/\/centralmedia.rs\/wp-content\/uploads\/2019\/08\/11-640x311.jpg 640w, https:\/\/centralmedia.rs\/wp-content\/uploads\/2019\/08\/11-681x331.jpg 681w, https:\/\/centralmedia.rs\/wp-content\/uploads\/2019\/08\/11.jpg 1280w\" sizes=\"(max-width: 640px) 100vw, 640px\" \/><\/p>\n<p>Najve\u0107e iznena\u0111enje o\u010dekuje\u00a0najmla\u0111e u okviru de\u010djeg sela koje \u0107e organizovati\u00a0Vojvo\u0111anska banka, partner festivala. Deca \u0107e mo\u0107i da u\u010destvuju u streli\u010darskoj radionici gde \u0107e ih na\u0161i najuspe\u0161niji streli\u010dari, poput, Vuka Martinovi\u0107a, Luke Martinovi\u0107a, \u017deljka Sekuli\u0107a i mnogih drugih\u00a0uvesti u osnove ovog sporta.\u00a0Ova aktivacija \u0107e biti organizovana u saradnji Vojvo\u0111anska banke i Olimpijskog komiteta Srbije. Mali\u0161ane o\u010dekuje i niz drugih\u00a0radionica, fotografisanje i puno iznena\u0111enja u duhu vremena kada su \u017eiveli prin\u010devi i princeze.<\/p>\n<p><img loading=\"lazy\" decoding=\"async\" class=\"alignnone wp-image-19664 size-large\" src=\"http:\/\/centralmedia.rs\/wp-content\/uploads\/2019\/08\/15-1024x498.jpg\" alt=\"\" width=\"640\" height=\"311\" srcset=\"https:\/\/centralmedia.rs\/wp-content\/uploads\/2019\/08\/15-1024x498.jpg 1024w, https:\/\/centralmedia.rs\/wp-content\/uploads\/2019\/08\/15-300x146.jpg 300w, https:\/\/centralmedia.rs\/wp-content\/uploads\/2019\/08\/15-768x373.jpg 768w, https:\/\/centralmedia.rs\/wp-content\/uploads\/2019\/08\/15-864x420.jpg 864w, https:\/\/centralmedia.rs\/wp-content\/uploads\/2019\/08\/15-640x311.jpg 640w, https:\/\/centralmedia.rs\/wp-content\/uploads\/2019\/08\/15-681x331.jpg 681w, https:\/\/centralmedia.rs\/wp-content\/uploads\/2019\/08\/15.jpg 1280w\" sizes=\"(max-width: 640px) 100vw, 640px\" \/><\/p>\n<p>O misiji manifestacije, Vladimir Blagojevi\u0107, direktor Festivala je rekao da Just Out \u2013 Manasija je i turisti\u010dka i\u00a0 sportska priredba, jedinstvena ve\u0107 i po tome \u0161to su posetioci svi \u010dlanovi jedne porodice, kao i pojedinci bez obzira na pol, uzrast, obrazovanje, nacionalnost.<\/p>\n<p>-Svi podjednako u\u017eivaju u borbama, vite\u0161tvu, pravilima borenja koja se zasnivaju na \u010dasti i juna\u0161tvu. Ovako koncipiran Festival\u00a0povezuje ljude i vra\u0107a im\u00a0nadu\u00a0u zajedni\u0161tvo i \u010dovekoljublje.\u00a0\u00a0Afirmi\u0161u\u0107i tradicionalne vrednosti, ovaj Festival ih ugra\u0111uje u temelje bolje, \u010dasnije i blagodatnije budu\u0107nosti. Istovremeno, i\u00a0 u\u010desnici i organizatori Festivala\u00a0poma\u017eu borbu\u00a0protiv nasilja nad \u017eenama,\u00a0nad\u00a0decom i slabima.\u00a0I to\u00a0je na\u0161a misija i vite\u0161ki\u00a0zavet, rekao je on.<\/p>\n<p>Prate\u0107im pogramom ovogodi\u0161njeg\u00a0Just Out festivala,\u00a0organizatori su spojili\u00a0moderno\u00a0i srednjovekovno,\u00a0tako da \u0107e publika u\u017eivati u muzi\u010dkom izvo\u0111enju\u00a0Ivane \u017digon , Balkanike,\u00a0\u017eenskog tria \u201eNa izvoru\u201c\u00a0,\u00a0sastava Srpski pojci\u00a0, ansamblima \u00a0francuskih (Compagnie medievale de St Ouen)\u00a0I bugarskih (Erinej)\u00a0izvo\u0111a\u010da\u00a0srednjevekovne muzike, kao i u kulturno-umetni\u010dkom programu ostalih u\u010desnika koji \u0107e nastupiti prve i druge ve\u010deri na velikoj festivalskoj bini.<\/p>\n<p>Streli\u010darstvo,Bacanje sekire,Bacanje koplja,Jahanje,Soft HMB (ma\u010devanje za decu),Gr\u010darska radionica,Okloparska radionica,Srednjovekovne dru\u0161tvene igre,Izlo\u017eba oklopa i oru\u017eja,Kaligrafija,Heraldika,Sara\u010dki zanati,Srednjovekovni obu\u0107ari,Tka\u010dka radionica,Kamp eksperimentalne arheologije,Srednjovekovna muzika i ples..<\/p>\n<p>Za sve ovo srednjevekovno blago koje imamo priliku da prezentijemo publici festivala a koji je i dalje bespplatan za posetioce veliku zahvalnost dugujemo pokroviteljima i sponzorima<\/p>\n<p>&nbsp;<\/p>\n","protected":false},"excerpt":{"rendered":"<p>DESPOTOVAC, Manastir Manasija, avgust 2019\u00a0&#8211; Vite\u0161ki festival\u00a0Just Out \u2013 Manasija\u00a0odr\u017ea\u0107e se ove godine\u00a0od 23. do 25. avgusta\u00a0podno veli\u010danstvenih zidina manastira Manasija\u00a0u znak se\u0107anja na 6 &hellip; <\/p>\n","protected":false},"author":2,"featured_media":19661,"comment_status":"open","ping_status":"open","sticky":false,"template":"","format":"standard","meta":{"footnotes":""},"categories":[1518,1524,2,23,887,3054],"tags":[51,922,54],"_links":{"self":[{"href":"https:\/\/centralmedia.rs\/index.php\/wp-json\/wp\/v2\/posts\/19660"}],"collection":[{"href":"https:\/\/centralmedia.rs\/index.php\/wp-json\/wp\/v2\/posts"}],"about":[{"href":"https:\/\/centralmedia.rs\/index.php\/wp-json\/wp\/v2\/types\/post"}],"author":[{"embeddable":true,"href":"https:\/\/centralmedia.rs\/index.php\/wp-json\/wp\/v2\/users\/2"}],"replies":[{"embeddable":true,"href":"https:\/\/centralmedia.rs\/index.php\/wp-json\/wp\/v2\/comments?post=19660"}],"version-history":[{"count":1,"href":"https:\/\/centralmedia.rs\/index.php\/wp-json\/wp\/v2\/posts\/19660\/revisions"}],"predecessor-version":[{"id":19665,"href":"https:\/\/centralmedia.rs\/index.php\/wp-json\/wp\/v2\/posts\/19660\/revisions\/19665"}],"wp:featuredmedia":[{"embeddable":true,"href":"https:\/\/centralmedia.rs\/index.php\/wp-json\/wp\/v2\/media\/19661"}],"wp:attachment":[{"href":"https:\/\/centralmedia.rs\/index.php\/wp-json\/wp\/v2\/media?parent=19660"}],"wp:term":[{"taxonomy":"category","embeddable":true,"href":"https:\/\/centralmedia.rs\/index.php\/wp-json\/wp\/v2\/categories?post=19660"},{"taxonomy":"post_tag","embeddable":true,"href":"https:\/\/centralmedia.rs\/index.php\/wp-json\/wp\/v2\/tags?post=19660"}],"curies":[{"name":"wp","href":"https:\/\/api.w.org\/{rel}","templated":true}]}}