{"id":19668,"date":"2019-08-21T11:14:02","date_gmt":"2019-08-21T11:14:02","guid":{"rendered":"http:\/\/centralmedia.rs\/?p=19668"},"modified":"2019-08-27T12:08:37","modified_gmt":"2019-08-27T12:08:37","slug":"praznik-rok-muzike-u-svilajncu-van-gogh-zapalio-krivu-carsiju","status":"publish","type":"post","link":"https:\/\/centralmedia.rs\/index.php\/2019\/08\/21\/praznik-rok-muzike-u-svilajncu-van-gogh-zapalio-krivu-carsiju\/","title":{"rendered":"PRAZNIK ROK MUZIKE U SVILAJNCU &#8211; VAN GOGH ZAPALIO KRIVU \u010cAR\u0160IJU (FOTO)"},"content":{"rendered":"<p>SVILAJNAC- Nekoliko hiljada ljubitelja rok muzike u\u017eivalo je sino\u0107 u pesmama Van Gogha u Svilajncu.<\/p>\n<p>-Sino\u0107 je Kriva \u010car\u0161ija gorela od dobrog rokenrola, puna divnog sveta svih generacija. Podizanje pulsa i\u0161lo je do maksimuma, \u0161to je \u0110uletova u\u017ea specijalnost, pevanje je bilo horsko, sa puno vri\u0161tanja i skandiranja, izvo\u0111enje na scenu pojedina\u010dno, sa plakanjem i smejanjem, uz obavezne govorne pasa\u017ee frontmena. Dakle, bio je ovo pravi praznik dobre muzike i spektakl za sam kraj kulturno-zabavnog leta, saop\u0161teno je iz Centra za kulturu u Svilajncu.<\/p>\n<div id='gallery-1' class='gallery galleryid-19668 gallery-columns-5 gallery-size-thumbnail'><figure class='gallery-item'>\n\t\t\t<div class='gallery-icon landscape'>\n\t\t\t\t<a href='https:\/\/centralmedia.rs\/index.php\/2019\/08\/21\/praznik-rok-muzike-u-svilajncu-van-gogh-zapalio-krivu-carsiju\/ban-gogh3\/'><img loading=\"lazy\" decoding=\"async\" width=\"150\" height=\"150\" src=\"https:\/\/centralmedia.rs\/wp-content\/uploads\/2019\/08\/ban-gogh3-150x150.jpg\" class=\"attachment-thumbnail size-thumbnail\" alt=\"\" \/><\/a>\n\t\t\t<\/div><\/figure><figure class='gallery-item'>\n\t\t\t<div class='gallery-icon landscape'>\n\t\t\t\t<a href='https:\/\/centralmedia.rs\/index.php\/2019\/08\/21\/praznik-rok-muzike-u-svilajncu-van-gogh-zapalio-krivu-carsiju\/van-gogh1\/'><img loading=\"lazy\" decoding=\"async\" width=\"150\" height=\"150\" src=\"https:\/\/centralmedia.rs\/wp-content\/uploads\/2019\/08\/van-gogh1-150x150.jpg\" class=\"attachment-thumbnail size-thumbnail\" alt=\"\" \/><\/a>\n\t\t\t<\/div><\/figure><figure class='gallery-item'>\n\t\t\t<div class='gallery-icon landscape'>\n\t\t\t\t<a href='https:\/\/centralmedia.rs\/index.php\/2019\/08\/21\/praznik-rok-muzike-u-svilajncu-van-gogh-zapalio-krivu-carsiju\/van-gogh2\/'><img loading=\"lazy\" decoding=\"async\" width=\"150\" height=\"150\" src=\"https:\/\/centralmedia.rs\/wp-content\/uploads\/2019\/08\/van-gogh2-150x150.jpg\" class=\"attachment-thumbnail size-thumbnail\" alt=\"\" \/><\/a>\n\t\t\t<\/div><\/figure><figure class='gallery-item'>\n\t\t\t<div class='gallery-icon landscape'>\n\t\t\t\t<a href='https:\/\/centralmedia.rs\/index.php\/2019\/08\/21\/praznik-rok-muzike-u-svilajncu-van-gogh-zapalio-krivu-carsiju\/van-gogh3\/'><img loading=\"lazy\" decoding=\"async\" width=\"150\" height=\"150\" src=\"https:\/\/centralmedia.rs\/wp-content\/uploads\/2019\/08\/van-gogh3-150x150.jpg\" class=\"attachment-thumbnail size-thumbnail\" alt=\"\" \/><\/a>\n\t\t\t<\/div><\/figure><figure class='gallery-item'>\n\t\t\t<div class='gallery-icon landscape'>\n\t\t\t\t<a href='https:\/\/centralmedia.rs\/index.php\/2019\/08\/21\/praznik-rok-muzike-u-svilajncu-van-gogh-zapalio-krivu-carsiju\/van-gogh\/'><img loading=\"lazy\" decoding=\"async\" width=\"150\" height=\"150\" src=\"https:\/\/centralmedia.rs\/wp-content\/uploads\/2019\/08\/van-gogh-150x150.jpg\" class=\"attachment-thumbnail size-thumbnail\" alt=\"\" \/><\/a>\n\t\t\t<\/div><\/figure>\n\t\t<\/div>\n\n<p>Ta ustanova je ovog leta realizovala vi\u0161e razli\u010ditih kulturno-zabavnih sadr\u017eaja uz koncerte najpopularnijih peva\u010da i bendova u kojima su u\u017eivale sve generacije Svilajn\u010dana, ali i gra\u0111ana susednih op\u0161tina.<\/p>\n","protected":false},"excerpt":{"rendered":"<p>SVILAJNAC- Nekoliko hiljada ljubitelja rok muzike u\u017eivalo je sino\u0107 u pesmama Van Gogha u Svilajncu. -Sino\u0107 je Kriva \u010car\u0161ija gorela od dobrog rokenrola, puna divnog &hellip; <\/p>\n","protected":false},"author":2,"featured_media":19669,"comment_status":"open","ping_status":"open","sticky":false,"template":"","format":"standard","meta":{"footnotes":""},"categories":[1524,2,23,887,1517,3055],"tags":[38,421],"_links":{"self":[{"href":"https:\/\/centralmedia.rs\/index.php\/wp-json\/wp\/v2\/posts\/19668"}],"collection":[{"href":"https:\/\/centralmedia.rs\/index.php\/wp-json\/wp\/v2\/posts"}],"about":[{"href":"https:\/\/centralmedia.rs\/index.php\/wp-json\/wp\/v2\/types\/post"}],"author":[{"embeddable":true,"href":"https:\/\/centralmedia.rs\/index.php\/wp-json\/wp\/v2\/users\/2"}],"replies":[{"embeddable":true,"href":"https:\/\/centralmedia.rs\/index.php\/wp-json\/wp\/v2\/comments?post=19668"}],"version-history":[{"count":3,"href":"https:\/\/centralmedia.rs\/index.php\/wp-json\/wp\/v2\/posts\/19668\/revisions"}],"predecessor-version":[{"id":19676,"href":"https:\/\/centralmedia.rs\/index.php\/wp-json\/wp\/v2\/posts\/19668\/revisions\/19676"}],"wp:featuredmedia":[{"embeddable":true,"href":"https:\/\/centralmedia.rs\/index.php\/wp-json\/wp\/v2\/media\/19669"}],"wp:attachment":[{"href":"https:\/\/centralmedia.rs\/index.php\/wp-json\/wp\/v2\/media?parent=19668"}],"wp:term":[{"taxonomy":"category","embeddable":true,"href":"https:\/\/centralmedia.rs\/index.php\/wp-json\/wp\/v2\/categories?post=19668"},{"taxonomy":"post_tag","embeddable":true,"href":"https:\/\/centralmedia.rs\/index.php\/wp-json\/wp\/v2\/tags?post=19668"}],"curies":[{"name":"wp","href":"https:\/\/api.w.org\/{rel}","templated":true}]}}