{"id":19677,"date":"2019-08-21T11:20:39","date_gmt":"2019-08-21T11:20:39","guid":{"rendered":"http:\/\/centralmedia.rs\/?p=19677"},"modified":"2019-08-27T12:08:46","modified_gmt":"2019-08-27T12:08:46","slug":"palma-vodi-700-ljudi-u-paraliju-najvise-poljoprivrednika","status":"publish","type":"post","link":"https:\/\/centralmedia.rs\/index.php\/2019\/08\/21\/palma-vodi-700-ljudi-u-paraliju-najvise-poljoprivrednika\/","title":{"rendered":"PALMA VODI 700 LJUDI U PARALIJU, NAJVI\u0160E POLJOPRIVREDNIKA"},"content":{"rendered":"<p>JAGODINA- \u201eGrad Jagodina ve\u0107 10 godina organizuje odlazak tako velkih grupa u vi\u0161e zemalja. Sada od 26. do 31. avgusta vodimo 700 ljudi u Paraliju, a me\u0111u njima najvi\u0161e ima poljoprivrednika. Cilj je da na\u0161i poljoprivrednici vide kako rade njihove kolege u jednoj dr\u017eavi \u010dlanici Evropske unije. P\u010delari \u0107e tako\u0111e obi\u0107i nekoliko malo ve\u0107ih p\u010delara na teritoriji regije Pierija u Gr\u010dkoj. U delegaciji su i dobrovoljni davaoci krvi. Obezbedili smo i donatore za kompletan tro\u0161ak kao i za sva putovanja do dosada koja organizuje Grad Jagodina. Ima\u0107emo i nekoliko politi\u010dkih sastanaka sa predstavnicima Vlade Gr\u010dke \u010dije je sedi\u0161te u Solunu. Poznato je da je Gr\u010dka prijateljska dr\u017eava Srbiji i da podr\u017eava Srbiju na evropskom putu\u201c, rekao je na dana\u0161njoj konferenciji za novinare predsednik Jedinstvene Srbije i Skup\u0161tine grada Jagodine Dragan Markovi\u0107 Palma. \u201e\u017delim da vas informi\u0161em da poljoprivrednici na teritoriji Jagodine ne pla\u0107aju porez na poljoprivredno zemlji\u0161te preko 10 godina, da imaju besplatne tezge na pijaci i da imaju odli\u010dne uslove u prostoriji za prodaju sira i mle\u010dnih proizvoda na pijaci u Jagodini\u201c kazao je Markovi\u0107.<\/p>\n<p>PORED NJIVA U JAGODINI TOALETI I TU\u0160EVI, A DO SVAKE NJIVE KOLIMA<\/p>\n<p>\u201ePre mesec dana po\u010deli smo da nasipamo kamenom puteve pored njiva na teritoriji grada Jagodine, \u0161to nije slu\u010daju ne samo u Srbiji, da se tako ne\u0161to radi kamenom i doneli smo odluku i da postavimo toalete pored njiva i ne samo toalete nego \u0107emo imati i letnja kupatila sa tu\u0161evima. To smo naru\u010dili i to nije veliki iznos za ovaj grad. Pri\u010daju mi ljudi u selima gde smo zavr\u0161ili takve puteve da do njiva dolaze mercedesom, audijem, golfom&#8230;, \u0161to nije slu\u010daj u nekim gradovima i op\u0161tinama gde se do njive ne mo\u017ee ni traktorom. Za dve godine \u0107emo nasipati kamenom sve puteve do njiva na teritoriji grada Jagodine, a neke \u0107emo i asfaltirati i to one puteve koji su nafrekventniji\u201c izjavio je Markovi\u0107.<\/p>\n<p>USKORO U JAGODINI KULTURNA MANIFESTACIJA KOJU \u0106E POSETITI 100 000 LJUDI ZA TRI DANA<\/p>\n<p>\u201eIznad ve\u0107 postoje\u0107ih tribina na Letnjoj sceni u izleti\u0161tu \u201ePotok\u201c u Jagodini napravi\u0107emo novu betonsku tribinu i samo ta nova tribina mo\u0107i \u0107e da primi izme\u0111u 1200 i 1500 ljudi. Izgleda\u0107e kao orgomna tribina na nekom stadionu i time \u0107emo dobiti dva efekta. Prvi je da \u0107emo pove\u0107ati kapacitet za publiku, a drugi je da \u0107emo mo\u0107i da odr\u017eavamo kulturne manifestacije i u slu\u010daju ki\u0161e i lo\u0161eg vremena, jer \u0107e donja tribina sada biti pokrivena. Promeni\u0107emo i vizuelni izgled sada\u0161nje bine. Pravimo i jedno iznena\u0111enje za na\u0161 grad. Ne\u0107u o tome jo\u0161, ali nadam se da \u0107ete imati zvani\u010dnu informaciju za jedno 20 dana. Krenu\u0107emo sa jednom manifestacijom koja je popularna u celom svetu. Lokacija \u0107e biti u turisti\u010dkom kompleksu Jagodine i siguran sam da \u0107e na tu manifestaciju, u na\u0161 grad do\u0107i 100 000 ljudi za tri dana\u201c, rekao je Dragan Markvi\u0107 Palma.<\/p>\n<p>Markovi\u0107 je rekao da \u0107e sutra, 22. 08., biti odr\u017ean tradicionalni prijem gra\u0111ana. \u201eTo je tradicija zato \u0161to deca polaze u \u0161kolu i mi ho\u0107emo da ono \u0161to smo u\u0161tedeli damo roditeljima koji su slabijeg ekonomskog stanja, a \u010dija deca polaze u \u0161kolu. Lokalna samouprava mora da vodi ra\u010duna o svakoj porodici, da pomogne onima koji nemaju i koji su bolesni i ne rade. \u017delim i da se zahvalim koalicionim partnerima, predsedniku Gradskog odbora SPS u Jagodini i na\u010delniku Pomoravskog okruga Goranu Milosavljevi\u0107u i predsedniku Gradskog odbora SNS u Jagodini Nikoli Radosavljevi\u0107u. Sve \u0161to radimo u ovom gradu mi se dogovaramo i zajedni\u010dlki donosimo odluke u interesu gra\u0111ana i ja sam im na tome zahvalan\u201c, rekao je predsednik Jedinstvene Srbije i Skup\u0161tine grada Jagodine Dragan Markovi\u0107 Palma.<\/p>\n","protected":false},"excerpt":{"rendered":"<p>JAGODINA- \u201eGrad Jagodina ve\u0107 10 godina organizuje odlazak tako velkih grupa u vi\u0161e zemalja. Sada od 26. do 31. avgusta vodimo 700 ljudi u Paraliju, &hellip; <\/p>\n","protected":false},"author":2,"featured_media":19678,"comment_status":"open","ping_status":"open","sticky":false,"template":"","format":"standard","meta":{"footnotes":""},"categories":[1524,2,1514,13,12],"tags":[3532,120,845],"_links":{"self":[{"href":"https:\/\/centralmedia.rs\/index.php\/wp-json\/wp\/v2\/posts\/19677"}],"collection":[{"href":"https:\/\/centralmedia.rs\/index.php\/wp-json\/wp\/v2\/posts"}],"about":[{"href":"https:\/\/centralmedia.rs\/index.php\/wp-json\/wp\/v2\/types\/post"}],"author":[{"embeddable":true,"href":"https:\/\/centralmedia.rs\/index.php\/wp-json\/wp\/v2\/users\/2"}],"replies":[{"embeddable":true,"href":"https:\/\/centralmedia.rs\/index.php\/wp-json\/wp\/v2\/comments?post=19677"}],"version-history":[{"count":1,"href":"https:\/\/centralmedia.rs\/index.php\/wp-json\/wp\/v2\/posts\/19677\/revisions"}],"predecessor-version":[{"id":19679,"href":"https:\/\/centralmedia.rs\/index.php\/wp-json\/wp\/v2\/posts\/19677\/revisions\/19679"}],"wp:featuredmedia":[{"embeddable":true,"href":"https:\/\/centralmedia.rs\/index.php\/wp-json\/wp\/v2\/media\/19678"}],"wp:attachment":[{"href":"https:\/\/centralmedia.rs\/index.php\/wp-json\/wp\/v2\/media?parent=19677"}],"wp:term":[{"taxonomy":"category","embeddable":true,"href":"https:\/\/centralmedia.rs\/index.php\/wp-json\/wp\/v2\/categories?post=19677"},{"taxonomy":"post_tag","embeddable":true,"href":"https:\/\/centralmedia.rs\/index.php\/wp-json\/wp\/v2\/tags?post=19677"}],"curies":[{"name":"wp","href":"https:\/\/api.w.org\/{rel}","templated":true}]}}