{"id":19680,"date":"2019-08-21T11:26:40","date_gmt":"2019-08-21T11:26:40","guid":{"rendered":"http:\/\/centralmedia.rs\/?p=19680"},"modified":"2019-08-27T12:08:58","modified_gmt":"2019-08-27T12:08:58","slug":"kanalizacija-u-crkvencu","status":"publish","type":"post","link":"https:\/\/centralmedia.rs\/index.php\/2019\/08\/21\/kanalizacija-u-crkvencu\/","title":{"rendered":"KANALIZACIJA U CRKVENCU"},"content":{"rendered":"<p>SVILAJNAC- Predrag Milanovi\u0107, predsednik Op\u0161tine Svilajnac je posetio selo Crkvenac i obi\u0161ao nastavak radova na sekundarnoj kanalizacionoj mre\u017ei, koja se radi u du\u017eini od 2,5 km. Ovom prilikom je posetio i Dom kulture u Crkvencu, gde je renovirana sala, koju me\u0161tani sada koriste.<\/p>\n<p>-Dosta projekata smo zavr\u0161ili u Crkvencu od kojih su neki bili u saradnji sa Vladom Srbije i me\u0161tanima, a ostali su finansirani iz bud\u017eeta Svilajnca. Zavr\u0161ili smo rekonstrukciju osnovne \u0161kole, pomogli smo prilikom izgradnje crkvene sale i sre\u0111ivanja same crkve, renovirali smo salu u Domu kulture, zavr\u0161ili smo vodovodnu mre\u017eu, radimo na kanalizaciji i prilikom zavr\u0161etka ovih radova, dve tre\u0107ine sela \u0107e mo\u0107i da se priklju\u010di na kanalizacionu mre\u017eu, rekao je Milanovi\u0107 i dodao da je trenutno na teritoriji op\u0161tine Svilajnac 26 gradili\u0161ta i da se kontinuirano radi na pobolj\u0161anju infrastrukture, kako bi se obezbedila bolja budu\u0107nost za mla\u0111e generacije.<\/p>\n<div id='gallery-1' class='gallery galleryid-19680 gallery-columns-5 gallery-size-thumbnail'><figure class='gallery-item'>\n\t\t\t<div class='gallery-icon landscape'>\n\t\t\t\t<a href='https:\/\/centralmedia.rs\/index.php\/2019\/08\/21\/kanalizacija-u-crkvencu\/crkevanc4\/'><img loading=\"lazy\" decoding=\"async\" width=\"150\" height=\"150\" src=\"https:\/\/centralmedia.rs\/wp-content\/uploads\/2019\/08\/crkevanc4-150x150.jpg\" class=\"attachment-thumbnail size-thumbnail\" alt=\"\" \/><\/a>\n\t\t\t<\/div><\/figure><figure class='gallery-item'>\n\t\t\t<div class='gallery-icon landscape'>\n\t\t\t\t<a href='https:\/\/centralmedia.rs\/index.php\/2019\/08\/21\/kanalizacija-u-crkvencu\/crkvenac-2\/'><img loading=\"lazy\" decoding=\"async\" width=\"150\" height=\"150\" src=\"https:\/\/centralmedia.rs\/wp-content\/uploads\/2019\/08\/crkvenac-150x150.jpg\" class=\"attachment-thumbnail size-thumbnail\" alt=\"\" \/><\/a>\n\t\t\t<\/div><\/figure><figure class='gallery-item'>\n\t\t\t<div class='gallery-icon landscape'>\n\t\t\t\t<a href='https:\/\/centralmedia.rs\/index.php\/2019\/08\/21\/kanalizacija-u-crkvencu\/crkvenac1\/'><img loading=\"lazy\" decoding=\"async\" width=\"150\" height=\"150\" src=\"https:\/\/centralmedia.rs\/wp-content\/uploads\/2019\/08\/crkvenac1-150x150.jpg\" class=\"attachment-thumbnail size-thumbnail\" alt=\"\" \/><\/a>\n\t\t\t<\/div><\/figure><figure class='gallery-item'>\n\t\t\t<div class='gallery-icon landscape'>\n\t\t\t\t<a href='https:\/\/centralmedia.rs\/index.php\/2019\/08\/21\/kanalizacija-u-crkvencu\/crkvenac2\/'><img loading=\"lazy\" decoding=\"async\" width=\"150\" height=\"150\" src=\"https:\/\/centralmedia.rs\/wp-content\/uploads\/2019\/08\/crkvenac2-150x150.jpg\" class=\"attachment-thumbnail size-thumbnail\" alt=\"\" \/><\/a>\n\t\t\t<\/div><\/figure><figure class='gallery-item'>\n\t\t\t<div class='gallery-icon landscape'>\n\t\t\t\t<a href='https:\/\/centralmedia.rs\/index.php\/2019\/08\/21\/kanalizacija-u-crkvencu\/crkvenac3\/'><img loading=\"lazy\" decoding=\"async\" width=\"150\" height=\"150\" src=\"https:\/\/centralmedia.rs\/wp-content\/uploads\/2019\/08\/crkvenac3-150x150.jpg\" class=\"attachment-thumbnail size-thumbnail\" alt=\"\" \/><\/a>\n\t\t\t<\/div><\/figure>\n\t\t<\/div>\n\n","protected":false},"excerpt":{"rendered":"<p>SVILAJNAC- Predrag Milanovi\u0107, predsednik Op\u0161tine Svilajnac je posetio selo Crkvenac i obi\u0161ao nastavak radova na sekundarnoj kanalizacionoj mre\u017ei, koja se radi u du\u017eini od 2,5 &hellip; <\/p>\n","protected":false},"author":2,"featured_media":19681,"comment_status":"open","ping_status":"open","sticky":false,"template":"","format":"standard","meta":{"footnotes":""},"categories":[1524,2,887,16,12,1517],"tags":[548,3836,38],"_links":{"self":[{"href":"https:\/\/centralmedia.rs\/index.php\/wp-json\/wp\/v2\/posts\/19680"}],"collection":[{"href":"https:\/\/centralmedia.rs\/index.php\/wp-json\/wp\/v2\/posts"}],"about":[{"href":"https:\/\/centralmedia.rs\/index.php\/wp-json\/wp\/v2\/types\/post"}],"author":[{"embeddable":true,"href":"https:\/\/centralmedia.rs\/index.php\/wp-json\/wp\/v2\/users\/2"}],"replies":[{"embeddable":true,"href":"https:\/\/centralmedia.rs\/index.php\/wp-json\/wp\/v2\/comments?post=19680"}],"version-history":[{"count":1,"href":"https:\/\/centralmedia.rs\/index.php\/wp-json\/wp\/v2\/posts\/19680\/revisions"}],"predecessor-version":[{"id":19686,"href":"https:\/\/centralmedia.rs\/index.php\/wp-json\/wp\/v2\/posts\/19680\/revisions\/19686"}],"wp:featuredmedia":[{"embeddable":true,"href":"https:\/\/centralmedia.rs\/index.php\/wp-json\/wp\/v2\/media\/19681"}],"wp:attachment":[{"href":"https:\/\/centralmedia.rs\/index.php\/wp-json\/wp\/v2\/media?parent=19680"}],"wp:term":[{"taxonomy":"category","embeddable":true,"href":"https:\/\/centralmedia.rs\/index.php\/wp-json\/wp\/v2\/categories?post=19680"},{"taxonomy":"post_tag","embeddable":true,"href":"https:\/\/centralmedia.rs\/index.php\/wp-json\/wp\/v2\/tags?post=19680"}],"curies":[{"name":"wp","href":"https:\/\/api.w.org\/{rel}","templated":true}]}}