{"id":1969,"date":"2016-01-27T20:37:37","date_gmt":"2016-01-27T20:37:37","guid":{"rendered":"http:\/\/centralmedia.rs\/?p=1969"},"modified":"2016-01-27T20:37:37","modified_gmt":"2016-01-27T20:37:37","slug":"kablovi-u-stecaj-dilemi-krajnji-rok-3-februar","status":"publish","type":"post","link":"https:\/\/centralmedia.rs\/index.php\/2016\/01\/27\/kablovi-u-stecaj-dilemi-krajnji-rok-3-februar\/","title":{"rendered":"KABLOVI U STE\u010cAJ DILEMI &#8211; KRAJNJI ROK  3. FEBRUAR"},"content":{"rendered":"<p>JAGODINA-Zaposleni u Kablovima iz Jagodine nalaze se pred dilemom, jer je Ministartsvo privrede ponudilo dva scenarija Unapred pripremljeni progam reorganizacije-UPPR ili Program reorganizacije-PR, kona\u010dan odgovor  treba da se dostavi do 3 februara, tako poslovodstvo preduze\u0107a predstavilo na sastanku sa sindikatima trenutnu situaciju. Potencijalnih kupaca  ili strate\u0161kih partnera za Kablove nema ,,ni na vidiku\u201c, saop\u0161teno je iz ministarstva poslovodstvu Kablova. U tom preduze\u0107u zaposleno je 1.300 radnika.<br \/>\n\t-Do 3 februara treba da odlu\u010dimo izme\u0111u UPPR ili PR, ta\u010dno je da nema interesovanja za Kablove. Obe ponude su te\u0161ke i gotovo neostvarive, jer predvi\u0111aju prakti\u010dno progla\u0161enje ste\u010daja, odnosno drasti\u010dno smanjenje broja radnika ili odlazak svih radnika iz fabrike. Dugovi su 110 miliona evra od toga se radnicima duguje preko 30 miliona evra. Poku\u0161a\u0107emo, po ugledu na Prvu petoletku, da napravimo dogovor sa radnicima da uzmu socijalni program i naprave konzorcijum koji bi zakupio hale od dr\u017eave i nastavio proizvodnju kablova u Jagodini, ka\u017eu sindikalci te farbike.<br \/>\nSa druge strane ve\u0107 tre\u0107i dan traje obustava rada u Mati\u010dnoj fabrici, jedinoj celini koja proizvodi,dok su zaposleni sa drugih lokacija na pla\u0107enom odsustvu zbog manjka posla. Zaposleni zahtevaju isplatu zarada. Ka\u017eu da su u januaru primili po 10.000 dinara i to je akontacija za septembar.<br \/>\n<figure id=\"attachment_1971\" aria-describedby=\"caption-attachment-1971\" style=\"width: 300px\" class=\"wp-caption alignnone\"><a href=\"https:\/\/centralmedia.rs\/wp-content\/uploads\/2016\/01\/dragan-milanovic-jagodina-g.j..jpg\" rel=\"attachment wp-att-1971\"><img loading=\"lazy\" decoding=\"async\" src=\"https:\/\/centralmedia.rs\/wp-content\/uploads\/2016\/01\/dragan-milanovic-jagodina-g.j.-300x225.jpg\" alt=\"Dragan Milanovi\u0107\" width=\"300\" height=\"225\" class=\"size-medium wp-image-1971\" srcset=\"https:\/\/centralmedia.rs\/wp-content\/uploads\/2016\/01\/dragan-milanovic-jagodina-g.j.-300x225.jpg 300w, https:\/\/centralmedia.rs\/wp-content\/uploads\/2016\/01\/dragan-milanovic-jagodina-g.j.-768x576.jpg 768w, https:\/\/centralmedia.rs\/wp-content\/uploads\/2016\/01\/dragan-milanovic-jagodina-g.j.-80x60.jpg 80w, https:\/\/centralmedia.rs\/wp-content\/uploads\/2016\/01\/dragan-milanovic-jagodina-g.j.-265x198.jpg 265w, https:\/\/centralmedia.rs\/wp-content\/uploads\/2016\/01\/dragan-milanovic-jagodina-g.j..jpg 900w\" sizes=\"(max-width: 300px) 100vw, 300px\" \/><\/a><figcaption id=\"caption-attachment-1971\" class=\"wp-caption-text\">Dragan Milanovi\u0107<\/figcaption><\/figure><br \/>\n        -Tra\u017eimo zaostale zarade i sredstva za za\u0161titu na radu, kao i da na\u0161 deseto\u010dlani Pregovara\u010dki tim bude uklju\u010den pregovore oko zavr\u0161etka privatizacije. Nemamo poverenje u ljude koji pregovaraju u na\u0161e ime, potpuno smo neobave\u0161teni o svemu, ne znamo kakva nam je sudbina. Da li \u0107emo u ste\u010daj ili \u0107emo biti prodati, sve je u magli, pri\u010da predsednik Pregovara\u010dkog tima Dragan Milanovi\u0107 i napominje da dok poslovodstvo ne zapo\u010dne razgovore o zahtevima radnika ne\u0107e biti nastavka proizvodnje.<br \/>\nZa\u0161tita ra\u010duna tog preduze\u0107a zakonom je oro\u010dena do 31 maja i tada se aktiviraju potra\u017eivanja u visini od 120 miliona evra.<\/p>\n","protected":false},"excerpt":{"rendered":"<p>JAGODINA-Zaposleni u Kablovima iz Jagodine nalaze se pred dilemom, jer je Ministartsvo privrede ponudilo dva scenarija Unapred pripremljeni progam reorganizacije-UPPR ili Program reorganizacije-PR, kona\u010dan odgovor &hellip; <\/p>\n","protected":false},"author":4,"featured_media":1970,"comment_status":"open","ping_status":"open","sticky":false,"template":"","format":"standard","meta":{"footnotes":""},"categories":[22,2,12],"tags":[58,491,499],"_links":{"self":[{"href":"https:\/\/centralmedia.rs\/index.php\/wp-json\/wp\/v2\/posts\/1969"}],"collection":[{"href":"https:\/\/centralmedia.rs\/index.php\/wp-json\/wp\/v2\/posts"}],"about":[{"href":"https:\/\/centralmedia.rs\/index.php\/wp-json\/wp\/v2\/types\/post"}],"author":[{"embeddable":true,"href":"https:\/\/centralmedia.rs\/index.php\/wp-json\/wp\/v2\/users\/4"}],"replies":[{"embeddable":true,"href":"https:\/\/centralmedia.rs\/index.php\/wp-json\/wp\/v2\/comments?post=1969"}],"version-history":[{"count":0,"href":"https:\/\/centralmedia.rs\/index.php\/wp-json\/wp\/v2\/posts\/1969\/revisions"}],"wp:featuredmedia":[{"embeddable":true,"href":"https:\/\/centralmedia.rs\/index.php\/wp-json\/wp\/v2\/media\/1970"}],"wp:attachment":[{"href":"https:\/\/centralmedia.rs\/index.php\/wp-json\/wp\/v2\/media?parent=1969"}],"wp:term":[{"taxonomy":"category","embeddable":true,"href":"https:\/\/centralmedia.rs\/index.php\/wp-json\/wp\/v2\/categories?post=1969"},{"taxonomy":"post_tag","embeddable":true,"href":"https:\/\/centralmedia.rs\/index.php\/wp-json\/wp\/v2\/tags?post=1969"}],"curies":[{"name":"wp","href":"https:\/\/api.w.org\/{rel}","templated":true}]}}