{"id":19692,"date":"2019-08-23T11:03:36","date_gmt":"2019-08-23T11:03:36","guid":{"rendered":"http:\/\/centralmedia.rs\/?p=19692"},"modified":"2019-08-27T12:09:16","modified_gmt":"2019-08-27T12:09:16","slug":"zbog-opstrukcije-ministarstva-kolaps-usluga-za-socijalno-najugrozenije-u-paracinu","status":"publish","type":"post","link":"https:\/\/centralmedia.rs\/index.php\/2019\/08\/23\/zbog-opstrukcije-ministarstva-kolaps-usluga-za-socijalno-najugrozenije-u-paracinu\/","title":{"rendered":"ZBOG OPSTRUKCIJE MINISTARSTVA &#8211; KOLAPS USLUGA ZA SOCIJALNO NAJUGRO\u017dENIJE U PARA\u0106INU"},"content":{"rendered":"<p>PARA\u0106IN- Povodom aktuelnih de\u0161avanja u Centru za socijalni rad i povodom vi\u0161egodi\u0161njeg ne dobijanja neophodne saglasnosti na predlog Upravnog odbora ove ustanove za postavljanje v.d.direktora, Odsek za informisanje op\u0161tine Para\u0107in izdaje slede\u0107e saop\u0161tenje:<\/p>\n<p>Domsko odeljenje u selu Izvor Centra za socijalni rad u Para\u0107inu ostalo je bez goriva i vi\u0161e ne mogu da prevoze \u0161ti\u0107enice do bolnice.<\/p>\n<p>Razlog je svesna opstrukcija postavljanja v.d. direktora Centra od strane Ministarstva za rad, zapo\u0161ljavanje, bora\u010dka i socijalna pitanja koje ne odgovara na zahteve za saglasnost koje su op\u0161tinske slu\u017ebe redovno i kontinuirano slale.<\/p>\n<p>Nedopustivo je da se najugro\u017eenije kategorije stanovni\u0161tva dr\u017ee \u00a0kao taoci za politi\u010dke potrebe, jer verujemo da je problem jedino u tome \u0161to je Para\u0107in jedna od retkih opozicionih op\u0161tina u Srbiji. Drugi razlog za ovako dugotrajnu opstrukciju ne vidimo.<\/p>\n<p>Podse\u0107amo da su u poslednjih \u00a0mesec dana poslata dva predloga za v.d. direktora, jedan koji je ina\u010de bio &#8220;na \u010dekanju&#8221; za saglasnost i novi, na koji je Ministarstvo najpre dalo na\u010delni pristanak, a onda se povuklo i jo\u0161 uvek nemamo nikakav odgovor.<\/p>\n<p>Ono \u0161to je rezultat ove opstrukcije jeste to da ve\u0107 mesec dana lica u stanju socijalne potrebe i svi drugi kojima je potrebna pomo\u0107 Centra za socijalni rad ne mogu da ostvare nikakvo pravo, ali ni radnici\u00a0 ove ustanove \u00a0nisu u mogu\u0107nosti da prime platu.<\/p>\n<p>Nadamo se da \u0107emo nai\u0107i na razumevanje i pozitivan odgovor nadle\u017enog ministarstva jedino i samo iz razloga kako bi se gra\u0111anima kojima je pomo\u0107 neophodna iza\u0161lo u susret, stoji u saop\u0161tenju Odseka za informisanje SO Para\u0107in.<\/p>\n","protected":false},"excerpt":{"rendered":"<p>PARA\u0106IN- Povodom aktuelnih de\u0161avanja u Centru za socijalni rad i povodom vi\u0161egodi\u0161njeg ne dobijanja neophodne saglasnosti na predlog Upravnog odbora ove ustanove za postavljanje v.d.direktora, &hellip; <\/p>\n","protected":false},"author":2,"featured_media":19693,"comment_status":"open","ping_status":"open","sticky":false,"template":"","format":"standard","meta":{"footnotes":""},"categories":[14,1524,2,1516,12],"tags":[3246,3975,156],"_links":{"self":[{"href":"https:\/\/centralmedia.rs\/index.php\/wp-json\/wp\/v2\/posts\/19692"}],"collection":[{"href":"https:\/\/centralmedia.rs\/index.php\/wp-json\/wp\/v2\/posts"}],"about":[{"href":"https:\/\/centralmedia.rs\/index.php\/wp-json\/wp\/v2\/types\/post"}],"author":[{"embeddable":true,"href":"https:\/\/centralmedia.rs\/index.php\/wp-json\/wp\/v2\/users\/2"}],"replies":[{"embeddable":true,"href":"https:\/\/centralmedia.rs\/index.php\/wp-json\/wp\/v2\/comments?post=19692"}],"version-history":[{"count":1,"href":"https:\/\/centralmedia.rs\/index.php\/wp-json\/wp\/v2\/posts\/19692\/revisions"}],"predecessor-version":[{"id":19694,"href":"https:\/\/centralmedia.rs\/index.php\/wp-json\/wp\/v2\/posts\/19692\/revisions\/19694"}],"wp:featuredmedia":[{"embeddable":true,"href":"https:\/\/centralmedia.rs\/index.php\/wp-json\/wp\/v2\/media\/19693"}],"wp:attachment":[{"href":"https:\/\/centralmedia.rs\/index.php\/wp-json\/wp\/v2\/media?parent=19692"}],"wp:term":[{"taxonomy":"category","embeddable":true,"href":"https:\/\/centralmedia.rs\/index.php\/wp-json\/wp\/v2\/categories?post=19692"},{"taxonomy":"post_tag","embeddable":true,"href":"https:\/\/centralmedia.rs\/index.php\/wp-json\/wp\/v2\/tags?post=19692"}],"curies":[{"name":"wp","href":"https:\/\/api.w.org\/{rel}","templated":true}]}}