{"id":19695,"date":"2019-08-23T15:00:28","date_gmt":"2019-08-23T15:00:28","guid":{"rendered":"http:\/\/centralmedia.rs\/?p=19695"},"modified":"2019-08-27T12:09:26","modified_gmt":"2019-08-27T12:09:26","slug":"pocetkom-septembra-pocinje-rekonstrukcija-terena-sokolskog-doma-u-cupriji","status":"publish","type":"post","link":"https:\/\/centralmedia.rs\/index.php\/2019\/08\/23\/pocetkom-septembra-pocinje-rekonstrukcija-terena-sokolskog-doma-u-cupriji\/","title":{"rendered":"Po\u010detkom septembra po\u010dinje rekonstrukcija terena Sokolskog doma u \u0106upriji"},"content":{"rendered":"<p>\u0106UPRIJA- Ideja stara gotovo tri godine \u2013 da se tartanom i teniskom podlogom pokriju otvoreni tereni Sokolskog doma u \u0106upriji \u2013 u naredne dve nedelje trebalo bi da u\u0111e u fazu realizacije. Kako je \u010dlanove Op\u0161tinskog ve\u0107a danas obavestio Ivan Aleksi\u0107, direktor Ustanove za sport SC \u201eAda\u201c, \u201epro\u0161ao je tender za projekat Evropske unije kojim je obuhva\u0107eno 26 lokalnih samouprava\u201c. \u0160tavi\u0161e, direktor Aleksi\u0107 se ve\u0107 sastao sa izvo\u0111a\u010dima radova na otvorenim terenima \u0107uprijskog Sokolskog doma.<\/p>\n<p>-Ono \u0161to je dobro to je da \u0107e vrlo brzo po\u010deti da rade, mo\u017eda 4. ili 5. septembra. Zamolio sam ih da me\u0111u prvima budemo mi jer u ostalim projektima, odnosno gradovima ima puno zatvorenih objekata koji mogu da se rade i u zimskom periodu. Ono \u0161to sam video iz tog predmera i predra\u010duna, da je sve obuhva\u0107eno projektom. Mo\u017eda \u0107e se javiti jedan mali problem i to na rukometnom i ko\u0161arka\u0161kom terenu, gde je ispucala kocka koja je nekada bila postavljena pa posle presvu\u010dena asfaltom, i to je sada izvo\u0111a\u010dima problem &#8211; kako to sanirati da eventualno ne bi do\u0161lo do pucanja nove podloge koja bude postavljena? Nikom nije u interesu da se to desi, ve\u0107 je u intersu da to bude ura\u0111eno da traje \u0161to du\u017ee. Tako\u0111e, vezano za \u010detvrtu stranu Sokolskog doma, onu do teniskih terena, i taj tender je pro\u0161ao i imao sam kontakt sa izvo\u0111a\u010dima. Oni \u0107e u \u0161to kra\u0107em periodu krenuti sa realizacijom, kako bi oslobodili prostor da krenu ovi radovi sa podlogom. Iskreno se nadam da \u0107e do zime sve da bude zavr\u0161eno \u2013 rekao je na dana\u0161njoj sednici Op\u0161tinskog ve\u0107a direktor Aleksi\u0107.<\/p>\n<p>Podsetimo, podloga od tartana bi\u0107e postavljena na rukometnom i ko\u0161arka\u0161kom terenu, a podloga sli\u010dna onoj na kojoj se u njujor\u0161kom Kvinsu igra US open, bi\u0107e postavljena i na teniskim terenima Sokolskog doma u \u0106upriji.<\/p>\n","protected":false},"excerpt":{"rendered":"<p>\u0106UPRIJA- Ideja stara gotovo tri godine \u2013 da se tartanom i teniskom podlogom pokriju otvoreni tereni Sokolskog doma u \u0106upriji \u2013 u naredne dve nedelje &hellip; <\/p>\n","protected":false},"author":2,"featured_media":19153,"comment_status":"open","ping_status":"open","sticky":false,"template":"","format":"standard","meta":{"footnotes":""},"categories":[1515,1524,2,887,21,12],"tags":[44,1733],"_links":{"self":[{"href":"https:\/\/centralmedia.rs\/index.php\/wp-json\/wp\/v2\/posts\/19695"}],"collection":[{"href":"https:\/\/centralmedia.rs\/index.php\/wp-json\/wp\/v2\/posts"}],"about":[{"href":"https:\/\/centralmedia.rs\/index.php\/wp-json\/wp\/v2\/types\/post"}],"author":[{"embeddable":true,"href":"https:\/\/centralmedia.rs\/index.php\/wp-json\/wp\/v2\/users\/2"}],"replies":[{"embeddable":true,"href":"https:\/\/centralmedia.rs\/index.php\/wp-json\/wp\/v2\/comments?post=19695"}],"version-history":[{"count":2,"href":"https:\/\/centralmedia.rs\/index.php\/wp-json\/wp\/v2\/posts\/19695\/revisions"}],"predecessor-version":[{"id":19697,"href":"https:\/\/centralmedia.rs\/index.php\/wp-json\/wp\/v2\/posts\/19695\/revisions\/19697"}],"wp:featuredmedia":[{"embeddable":true,"href":"https:\/\/centralmedia.rs\/index.php\/wp-json\/wp\/v2\/media\/19153"}],"wp:attachment":[{"href":"https:\/\/centralmedia.rs\/index.php\/wp-json\/wp\/v2\/media?parent=19695"}],"wp:term":[{"taxonomy":"category","embeddable":true,"href":"https:\/\/centralmedia.rs\/index.php\/wp-json\/wp\/v2\/categories?post=19695"},{"taxonomy":"post_tag","embeddable":true,"href":"https:\/\/centralmedia.rs\/index.php\/wp-json\/wp\/v2\/tags?post=19695"}],"curies":[{"name":"wp","href":"https:\/\/api.w.org\/{rel}","templated":true}]}}