{"id":19698,"date":"2019-08-23T15:21:06","date_gmt":"2019-08-23T15:21:06","guid":{"rendered":"http:\/\/centralmedia.rs\/?p=19698"},"modified":"2019-08-27T12:09:35","modified_gmt":"2019-08-27T12:09:35","slug":"radovi-na-cuprijskom-mostu","status":"publish","type":"post","link":"https:\/\/centralmedia.rs\/index.php\/2019\/08\/23\/radovi-na-cuprijskom-mostu\/","title":{"rendered":"RADOVI NA \u0106UPRIJSKOM MOSTU"},"content":{"rendered":"<p>\u0106UPRIJA- Od ponedeljka, 26. avgusta, zbog izvo\u0111enja radova na dekorativnom i funkcionalnom osvetljenju mosta na Velikoj Moravi kod \u0106uprije saobra\u0107aj \u0107e se povremeno obavljati jednom kolovoznom trakom. Pe\u0161a\u010dke staze \u0107e u narednih mesec dana biti naizmeni\u010dno zatvarane, a o zatvaranju kolovozne trake izvo\u0111a\u010d radova \u0107e blagovremeno obavestiti javnost. Do okon\u010danja radova osvetljenje na mostu \u0107e biti isklju\u010deno.<\/p>\n","protected":false},"excerpt":{"rendered":"<p>\u0106UPRIJA- Od ponedeljka, 26. avgusta, zbog izvo\u0111enja radova na dekorativnom i funkcionalnom osvetljenju mosta na Velikoj Moravi kod \u0106uprije saobra\u0107aj \u0107e se povremeno obavljati jednom &hellip; <\/p>\n","protected":false},"author":2,"featured_media":19700,"comment_status":"open","ping_status":"open","sticky":false,"template":"","format":"standard","meta":{"footnotes":""},"categories":[1515,1524,2,887,16,12],"tags":[44,1607,469],"_links":{"self":[{"href":"https:\/\/centralmedia.rs\/index.php\/wp-json\/wp\/v2\/posts\/19698"}],"collection":[{"href":"https:\/\/centralmedia.rs\/index.php\/wp-json\/wp\/v2\/posts"}],"about":[{"href":"https:\/\/centralmedia.rs\/index.php\/wp-json\/wp\/v2\/types\/post"}],"author":[{"embeddable":true,"href":"https:\/\/centralmedia.rs\/index.php\/wp-json\/wp\/v2\/users\/2"}],"replies":[{"embeddable":true,"href":"https:\/\/centralmedia.rs\/index.php\/wp-json\/wp\/v2\/comments?post=19698"}],"version-history":[{"count":1,"href":"https:\/\/centralmedia.rs\/index.php\/wp-json\/wp\/v2\/posts\/19698\/revisions"}],"predecessor-version":[{"id":19701,"href":"https:\/\/centralmedia.rs\/index.php\/wp-json\/wp\/v2\/posts\/19698\/revisions\/19701"}],"wp:featuredmedia":[{"embeddable":true,"href":"https:\/\/centralmedia.rs\/index.php\/wp-json\/wp\/v2\/media\/19700"}],"wp:attachment":[{"href":"https:\/\/centralmedia.rs\/index.php\/wp-json\/wp\/v2\/media?parent=19698"}],"wp:term":[{"taxonomy":"category","embeddable":true,"href":"https:\/\/centralmedia.rs\/index.php\/wp-json\/wp\/v2\/categories?post=19698"},{"taxonomy":"post_tag","embeddable":true,"href":"https:\/\/centralmedia.rs\/index.php\/wp-json\/wp\/v2\/tags?post=19698"}],"curies":[{"name":"wp","href":"https:\/\/api.w.org\/{rel}","templated":true}]}}