{"id":19702,"date":"2019-08-23T22:29:19","date_gmt":"2019-08-23T22:29:19","guid":{"rendered":"http:\/\/centralmedia.rs\/?p=19702"},"modified":"2019-08-27T12:09:44","modified_gmt":"2019-08-27T12:09:44","slug":"poceo-viteski-festival-just-out-u-despotovcu-svetionik-snage-duha-i-dobrih-ljudi","status":"publish","type":"post","link":"https:\/\/centralmedia.rs\/index.php\/2019\/08\/23\/poceo-viteski-festival-just-out-u-despotovcu-svetionik-snage-duha-i-dobrih-ljudi\/","title":{"rendered":"PO\u010cEO VITE\u0160KI FESTIVAL JUST OUT U DESPOTOVCU &#8211; ,,SVETIONIK SNAGE DUHA I DOBRIH LJUDI&#8221; (FOTO)"},"content":{"rendered":"<p>DESPOTOVAC- Ispod bedema manastira Manasija kod Despotovca ve\u010deras je po\u010deo 5. Vite\u0161ki festival Just out. Vi\u0161e hiljada gra\u0111ana na padini prirodnog amfiteatra pomno je pratilo defile 1.000 u\u010desnika i njihovih pratilaca iz 25 zemalja, pokazne borbe, kao muzi\u010dki program Balkanike, Sanje Ili\u0107a i Danice Krsti\u0107, te nastup Ivane \u017digon.<\/p>\n<div id='gallery-1' class='gallery galleryid-19702 gallery-columns-5 gallery-size-thumbnail'><figure class='gallery-item'>\n\t\t\t<div class='gallery-icon landscape'>\n\t\t\t\t<a href='https:\/\/centralmedia.rs\/index.php\/2019\/08\/23\/poceo-viteski-festival-just-out-u-despotovcu-svetionik-snage-duha-i-dobrih-ljudi\/just-out-2-2\/'><img loading=\"lazy\" decoding=\"async\" width=\"150\" height=\"150\" src=\"https:\/\/centralmedia.rs\/wp-content\/uploads\/2019\/08\/just-out-2-150x150.jpg\" class=\"attachment-thumbnail size-thumbnail\" alt=\"\" \/><\/a>\n\t\t\t<\/div><\/figure><figure class='gallery-item'>\n\t\t\t<div class='gallery-icon landscape'>\n\t\t\t\t<a href='https:\/\/centralmedia.rs\/index.php\/2019\/08\/23\/poceo-viteski-festival-just-out-u-despotovcu-svetionik-snage-duha-i-dobrih-ljudi\/just-out-6\/'><img loading=\"lazy\" decoding=\"async\" width=\"150\" height=\"150\" src=\"https:\/\/centralmedia.rs\/wp-content\/uploads\/2019\/08\/just-out-6-150x150.jpg\" class=\"attachment-thumbnail size-thumbnail\" alt=\"\" \/><\/a>\n\t\t\t<\/div><\/figure><figure class='gallery-item'>\n\t\t\t<div class='gallery-icon landscape'>\n\t\t\t\t<a href='https:\/\/centralmedia.rs\/index.php\/2019\/08\/23\/poceo-viteski-festival-just-out-u-despotovcu-svetionik-snage-duha-i-dobrih-ljudi\/just-out-10\/'><img loading=\"lazy\" decoding=\"async\" width=\"150\" height=\"150\" src=\"https:\/\/centralmedia.rs\/wp-content\/uploads\/2019\/08\/just-out-10-150x150.jpg\" class=\"attachment-thumbnail size-thumbnail\" alt=\"\" \/><\/a>\n\t\t\t<\/div><\/figure><figure class='gallery-item'>\n\t\t\t<div class='gallery-icon landscape'>\n\t\t\t\t<a href='https:\/\/centralmedia.rs\/index.php\/2019\/08\/23\/poceo-viteski-festival-just-out-u-despotovcu-svetionik-snage-duha-i-dobrih-ljudi\/just-out-11\/'><img loading=\"lazy\" decoding=\"async\" width=\"150\" height=\"150\" src=\"https:\/\/centralmedia.rs\/wp-content\/uploads\/2019\/08\/just-out-11-150x150.jpg\" class=\"attachment-thumbnail size-thumbnail\" alt=\"\" \/><\/a>\n\t\t\t<\/div><\/figure><figure class='gallery-item'>\n\t\t\t<div class='gallery-icon landscape'>\n\t\t\t\t<a href='https:\/\/centralmedia.rs\/index.php\/2019\/08\/23\/poceo-viteski-festival-just-out-u-despotovcu-svetionik-snage-duha-i-dobrih-ljudi\/just-out-2\/'><img loading=\"lazy\" decoding=\"async\" width=\"150\" height=\"150\" src=\"https:\/\/centralmedia.rs\/wp-content\/uploads\/2019\/08\/just-out-150x150.jpg\" class=\"attachment-thumbnail size-thumbnail\" alt=\"\" \/><\/a>\n\t\t\t<\/div><\/figure>\n\t\t<\/div>\n\n<p>&#8211; Trudimo se da svake godine budemo jo\u0161 bolji i dostigli smo visok nivo. Despotovac je ispromovisan u svim medijima i to se vidi kroz drasti\u010dno pove\u0107anje broja turista. U Pomoravlju nema slobodnog kreveta u ovom trenutku, to je dovoljan pokazatelj. Na Festivalu se okupljaju porodi\u010dni ljudi, gde se vrednuju \u010dast, juna\u0161tvo, stabilnost \u010doveka i hrabrost za borbu za istinu, isti\u010de predsednik te op\u0161tine Nikola NIkoli\u0107 i dodaje da \u0107e ove godine biti nadma\u0161ena brojaka od 500. hiljaditog posetioca te manifestacije.<\/p>\n<div id='gallery-2' class='gallery galleryid-19702 gallery-columns-4 gallery-size-full'><figure class='gallery-item'>\n\t\t\t<div class='gallery-icon portrait'>\n\t\t\t\t<a href='https:\/\/centralmedia.rs\/index.php\/2019\/08\/23\/poceo-viteski-festival-just-out-u-despotovcu-svetionik-snage-duha-i-dobrih-ljudi\/just-out-3\/'><img loading=\"lazy\" decoding=\"async\" width=\"622\" height=\"1280\" src=\"https:\/\/centralmedia.rs\/wp-content\/uploads\/2019\/08\/just-out-3.jpg\" class=\"attachment-full size-full\" alt=\"\" srcset=\"https:\/\/centralmedia.rs\/wp-content\/uploads\/2019\/08\/just-out-3.jpg 622w, https:\/\/centralmedia.rs\/wp-content\/uploads\/2019\/08\/just-out-3-146x300.jpg 146w, https:\/\/centralmedia.rs\/wp-content\/uploads\/2019\/08\/just-out-3-498x1024.jpg 498w, https:\/\/centralmedia.rs\/wp-content\/uploads\/2019\/08\/just-out-3-204x420.jpg 204w\" sizes=\"(max-width: 622px) 100vw, 622px\" \/><\/a>\n\t\t\t<\/div><\/figure><figure class='gallery-item'>\n\t\t\t<div class='gallery-icon portrait'>\n\t\t\t\t<a href='https:\/\/centralmedia.rs\/index.php\/2019\/08\/23\/poceo-viteski-festival-just-out-u-despotovcu-svetionik-snage-duha-i-dobrih-ljudi\/just-out-5\/'><img loading=\"lazy\" decoding=\"async\" width=\"622\" height=\"1280\" src=\"https:\/\/centralmedia.rs\/wp-content\/uploads\/2019\/08\/just-out-5.jpg\" class=\"attachment-full size-full\" alt=\"\" srcset=\"https:\/\/centralmedia.rs\/wp-content\/uploads\/2019\/08\/just-out-5.jpg 622w, https:\/\/centralmedia.rs\/wp-content\/uploads\/2019\/08\/just-out-5-146x300.jpg 146w, https:\/\/centralmedia.rs\/wp-content\/uploads\/2019\/08\/just-out-5-498x1024.jpg 498w, https:\/\/centralmedia.rs\/wp-content\/uploads\/2019\/08\/just-out-5-204x420.jpg 204w\" sizes=\"(max-width: 622px) 100vw, 622px\" \/><\/a>\n\t\t\t<\/div><\/figure><figure class='gallery-item'>\n\t\t\t<div class='gallery-icon portrait'>\n\t\t\t\t<a href='https:\/\/centralmedia.rs\/index.php\/2019\/08\/23\/poceo-viteski-festival-just-out-u-despotovcu-svetionik-snage-duha-i-dobrih-ljudi\/just-out1\/'><img loading=\"lazy\" decoding=\"async\" width=\"622\" height=\"1280\" src=\"https:\/\/centralmedia.rs\/wp-content\/uploads\/2019\/08\/just-out1.jpg\" class=\"attachment-full size-full\" alt=\"\" srcset=\"https:\/\/centralmedia.rs\/wp-content\/uploads\/2019\/08\/just-out1.jpg 622w, https:\/\/centralmedia.rs\/wp-content\/uploads\/2019\/08\/just-out1-146x300.jpg 146w, https:\/\/centralmedia.rs\/wp-content\/uploads\/2019\/08\/just-out1-498x1024.jpg 498w, https:\/\/centralmedia.rs\/wp-content\/uploads\/2019\/08\/just-out1-204x420.jpg 204w\" sizes=\"(max-width: 622px) 100vw, 622px\" \/><\/a>\n\t\t\t<\/div><\/figure><figure class='gallery-item'>\n\t\t\t<div class='gallery-icon portrait'>\n\t\t\t\t<a href='https:\/\/centralmedia.rs\/index.php\/2019\/08\/23\/poceo-viteski-festival-just-out-u-despotovcu-svetionik-snage-duha-i-dobrih-ljudi\/just-out4\/'><img loading=\"lazy\" decoding=\"async\" width=\"622\" height=\"1280\" src=\"https:\/\/centralmedia.rs\/wp-content\/uploads\/2019\/08\/just-out4.jpg\" class=\"attachment-full size-full\" alt=\"\" srcset=\"https:\/\/centralmedia.rs\/wp-content\/uploads\/2019\/08\/just-out4.jpg 622w, https:\/\/centralmedia.rs\/wp-content\/uploads\/2019\/08\/just-out4-146x300.jpg 146w, https:\/\/centralmedia.rs\/wp-content\/uploads\/2019\/08\/just-out4-498x1024.jpg 498w, https:\/\/centralmedia.rs\/wp-content\/uploads\/2019\/08\/just-out4-204x420.jpg 204w\" sizes=\"(max-width: 622px) 100vw, 622px\" \/><\/a>\n\t\t\t<\/div><\/figure>\n\t\t<\/div>\n\n<p>&#8211; Imali smo poja\u010danje u muzi\u010dkom smislu, jer smo imali velike izvo\u0111a\u010de na bini. Za \u010detiri godine promovisali smo Manasiju \u0161irom sveta, svi najve\u0107i svetski i Evropski mediji su pisali o ovom doga\u0111aju. Ceo svet smo upoznali sa Manasijom, rastu\u0107i je broj ekipa iz celog sveta, kao i publike. Vitezovi iz celog sveta klanjali su se Despotou Stefanu i to je od neprocenjive vrednosti, rekao je direktor festivala Vladimir Blagojevi\u0107.<\/p>\n<div id='gallery-3' class='gallery galleryid-19702 gallery-columns-4 gallery-size-full'><figure class='gallery-item'>\n\t\t\t<div class='gallery-icon landscape'>\n\t\t\t\t<a href='https:\/\/centralmedia.rs\/index.php\/2019\/08\/23\/poceo-viteski-festival-just-out-u-despotovcu-svetionik-snage-duha-i-dobrih-ljudi\/just-out-12\/'><img loading=\"lazy\" decoding=\"async\" width=\"1280\" height=\"622\" src=\"https:\/\/centralmedia.rs\/wp-content\/uploads\/2019\/08\/just-out-12.jpg\" class=\"attachment-full size-full\" alt=\"\" srcset=\"https:\/\/centralmedia.rs\/wp-content\/uploads\/2019\/08\/just-out-12.jpg 1280w, https:\/\/centralmedia.rs\/wp-content\/uploads\/2019\/08\/just-out-12-300x146.jpg 300w, https:\/\/centralmedia.rs\/wp-content\/uploads\/2019\/08\/just-out-12-768x373.jpg 768w, https:\/\/centralmedia.rs\/wp-content\/uploads\/2019\/08\/just-out-12-1024x498.jpg 1024w, https:\/\/centralmedia.rs\/wp-content\/uploads\/2019\/08\/just-out-12-864x420.jpg 864w, https:\/\/centralmedia.rs\/wp-content\/uploads\/2019\/08\/just-out-12-640x311.jpg 640w, https:\/\/centralmedia.rs\/wp-content\/uploads\/2019\/08\/just-out-12-681x331.jpg 681w\" sizes=\"(max-width: 1280px) 100vw, 1280px\" \/><\/a>\n\t\t\t<\/div><\/figure><figure class='gallery-item'>\n\t\t\t<div class='gallery-icon landscape'>\n\t\t\t\t<a href='https:\/\/centralmedia.rs\/index.php\/2019\/08\/23\/poceo-viteski-festival-just-out-u-despotovcu-svetionik-snage-duha-i-dobrih-ljudi\/just-out7\/'><img loading=\"lazy\" decoding=\"async\" width=\"1280\" height=\"622\" src=\"https:\/\/centralmedia.rs\/wp-content\/uploads\/2019\/08\/just-out7.jpg\" class=\"attachment-full size-full\" alt=\"\" srcset=\"https:\/\/centralmedia.rs\/wp-content\/uploads\/2019\/08\/just-out7.jpg 1280w, https:\/\/centralmedia.rs\/wp-content\/uploads\/2019\/08\/just-out7-300x146.jpg 300w, https:\/\/centralmedia.rs\/wp-content\/uploads\/2019\/08\/just-out7-768x373.jpg 768w, https:\/\/centralmedia.rs\/wp-content\/uploads\/2019\/08\/just-out7-1024x498.jpg 1024w, https:\/\/centralmedia.rs\/wp-content\/uploads\/2019\/08\/just-out7-864x420.jpg 864w, https:\/\/centralmedia.rs\/wp-content\/uploads\/2019\/08\/just-out7-640x311.jpg 640w, https:\/\/centralmedia.rs\/wp-content\/uploads\/2019\/08\/just-out7-681x331.jpg 681w\" sizes=\"(max-width: 1280px) 100vw, 1280px\" \/><\/a>\n\t\t\t<\/div><\/figure><figure class='gallery-item'>\n\t\t\t<div class='gallery-icon landscape'>\n\t\t\t\t<a href='https:\/\/centralmedia.rs\/index.php\/2019\/08\/23\/poceo-viteski-festival-just-out-u-despotovcu-svetionik-snage-duha-i-dobrih-ljudi\/just-out9\/'><img loading=\"lazy\" decoding=\"async\" width=\"1280\" height=\"622\" src=\"https:\/\/centralmedia.rs\/wp-content\/uploads\/2019\/08\/just-out9.jpg\" class=\"attachment-full size-full\" alt=\"\" srcset=\"https:\/\/centralmedia.rs\/wp-content\/uploads\/2019\/08\/just-out9.jpg 1280w, https:\/\/centralmedia.rs\/wp-content\/uploads\/2019\/08\/just-out9-300x146.jpg 300w, https:\/\/centralmedia.rs\/wp-content\/uploads\/2019\/08\/just-out9-768x373.jpg 768w, https:\/\/centralmedia.rs\/wp-content\/uploads\/2019\/08\/just-out9-1024x498.jpg 1024w, https:\/\/centralmedia.rs\/wp-content\/uploads\/2019\/08\/just-out9-864x420.jpg 864w, https:\/\/centralmedia.rs\/wp-content\/uploads\/2019\/08\/just-out9-640x311.jpg 640w, https:\/\/centralmedia.rs\/wp-content\/uploads\/2019\/08\/just-out9-681x331.jpg 681w\" sizes=\"(max-width: 1280px) 100vw, 1280px\" \/><\/a>\n\t\t\t<\/div><\/figure><figure class='gallery-item'>\n\t\t\t<div class='gallery-icon landscape'>\n\t\t\t\t<a href='https:\/\/centralmedia.rs\/index.php\/2019\/08\/23\/poceo-viteski-festival-just-out-u-despotovcu-svetionik-snage-duha-i-dobrih-ljudi\/jut-out-8\/'><img loading=\"lazy\" decoding=\"async\" width=\"1280\" height=\"622\" src=\"https:\/\/centralmedia.rs\/wp-content\/uploads\/2019\/08\/jut-out-8.jpg\" class=\"attachment-full size-full\" alt=\"\" srcset=\"https:\/\/centralmedia.rs\/wp-content\/uploads\/2019\/08\/jut-out-8.jpg 1280w, https:\/\/centralmedia.rs\/wp-content\/uploads\/2019\/08\/jut-out-8-300x146.jpg 300w, https:\/\/centralmedia.rs\/wp-content\/uploads\/2019\/08\/jut-out-8-768x373.jpg 768w, https:\/\/centralmedia.rs\/wp-content\/uploads\/2019\/08\/jut-out-8-1024x498.jpg 1024w, https:\/\/centralmedia.rs\/wp-content\/uploads\/2019\/08\/jut-out-8-864x420.jpg 864w, https:\/\/centralmedia.rs\/wp-content\/uploads\/2019\/08\/jut-out-8-640x311.jpg 640w, https:\/\/centralmedia.rs\/wp-content\/uploads\/2019\/08\/jut-out-8-681x331.jpg 681w\" sizes=\"(max-width: 1280px) 100vw, 1280px\" \/><\/a>\n\t\t\t<\/div><\/figure>\n\t\t<\/div>\n\n<p>Ove godine prvi put su borbe profesionalne, bori\u0107e se za medalje, turnir u agendi svetskih takmi\u010denjia.<\/p>\n<p>&#8211; Festival je skup vite\u0161kih na\u010dela i vrlina. To dokazuje da smo i dalje svetionik snage duha i dobrih ljudi. \u017delimo da odjeknemo iz Srbije ka svetu o tome \u0161ta radimo, ko smo, odakle smo i gde idemo. Svi na\u0161i velika\u0161i pokazali su svoje kvalitete kroz diplomatiju, ali Despot Stefan je neprikosnoven u tome. Balansirati izme\u0161u istoka i zapada,svotriti jaku dr\u017eavu je bio nemogu\u0107 zadatak. Opet smo napravili krug i do\u0161li na isto mesto, ka\u017ee iz udru\u017eenja Beli orlovi i jedan od organizatora Festivala Bojan Tasi\u0107.<\/p>\n<p>Predhodnih godina ulo\u017eeno preko milion evra u putnu i komunalnu infrastruktruru do manastira, unapre\u0111en besplatan prevoz posetioca autobusima, napredak je o\u010digledan u svakom smislu.\u00a0U subotu i nedelju predvi\u0111ene su borbe vitezova.<\/p>\n","protected":false},"excerpt":{"rendered":"<p>DESPOTOVAC- Ispod bedema manastira Manasija kod Despotovca ve\u010deras je po\u010deo 5. Vite\u0161ki festival Just out. Vi\u0161e hiljada gra\u0111ana na padini prirodnog amfiteatra pomno je pratilo &hellip; <\/p>\n","protected":false},"author":2,"featured_media":19703,"comment_status":"open","ping_status":"open","sticky":false,"template":"","format":"standard","meta":{"footnotes":""},"categories":[1518,1524,2,15,887,12],"tags":[51,922,54,1168],"_links":{"self":[{"href":"https:\/\/centralmedia.rs\/index.php\/wp-json\/wp\/v2\/posts\/19702"}],"collection":[{"href":"https:\/\/centralmedia.rs\/index.php\/wp-json\/wp\/v2\/posts"}],"about":[{"href":"https:\/\/centralmedia.rs\/index.php\/wp-json\/wp\/v2\/types\/post"}],"author":[{"embeddable":true,"href":"https:\/\/centralmedia.rs\/index.php\/wp-json\/wp\/v2\/users\/2"}],"replies":[{"embeddable":true,"href":"https:\/\/centralmedia.rs\/index.php\/wp-json\/wp\/v2\/comments?post=19702"}],"version-history":[{"count":4,"href":"https:\/\/centralmedia.rs\/index.php\/wp-json\/wp\/v2\/posts\/19702\/revisions"}],"predecessor-version":[{"id":19719,"href":"https:\/\/centralmedia.rs\/index.php\/wp-json\/wp\/v2\/posts\/19702\/revisions\/19719"}],"wp:featuredmedia":[{"embeddable":true,"href":"https:\/\/centralmedia.rs\/index.php\/wp-json\/wp\/v2\/media\/19703"}],"wp:attachment":[{"href":"https:\/\/centralmedia.rs\/index.php\/wp-json\/wp\/v2\/media?parent=19702"}],"wp:term":[{"taxonomy":"category","embeddable":true,"href":"https:\/\/centralmedia.rs\/index.php\/wp-json\/wp\/v2\/categories?post=19702"},{"taxonomy":"post_tag","embeddable":true,"href":"https:\/\/centralmedia.rs\/index.php\/wp-json\/wp\/v2\/tags?post=19702"}],"curies":[{"name":"wp","href":"https:\/\/api.w.org\/{rel}","templated":true}]}}