{"id":1973,"date":"2016-01-27T22:08:13","date_gmt":"2016-01-27T22:08:13","guid":{"rendered":"http:\/\/centralmedia.rs\/?p=1973"},"modified":"2016-01-27T22:08:13","modified_gmt":"2016-01-27T22:08:13","slug":"olimpijski-sampioni-popeli-se-na-svilajnacku-terasu","status":"publish","type":"post","link":"https:\/\/centralmedia.rs\/index.php\/2016\/01\/27\/olimpijski-sampioni-popeli-se-na-svilajnacku-terasu\/","title":{"rendered":"OLIMPIJSKI \u0160AMPIONI POPELI SE NA SVILAJNA\u010cKU TERASU"},"content":{"rendered":"<p>SVILAJNAC-\u0160ampioni   Olimpijade prirodnih nauka u Kazahstanu Beogra\u0111ani Aleksa Milojevi\u0107 i Du\u0161an Novi\u010di\u0107 ve\u010deras su ovacijama pozdravljeni na Svetosavskoj akademiji u Svilajncu, koja je odr\u017eana u Prirodnja\u010dkom centru.<br \/>\n\t-Na\u017ealost nismo imali priliku da se pojavimo na balkonu u Beogradu, ali nastavljamo dalje i potrudi\u0107emo se da bude jo\u0161 prilika za slavlje.  Volimo to \u0161to radimo i rezultati su plod kontinuiteta u radu. Matematika se voli, to je u\u017eivanje. Prvi put sam u Svilajncu, veoma lep grad,velika mi je \u010dast \u0161to sam pozvan, rekao Milojevi\u0107 koji je osvojio srebrnu medalju na Olimpijadi matemati\u010dara.<br \/>\n<figure id=\"attachment_1976\" aria-describedby=\"caption-attachment-1976\" style=\"width: 300px\" class=\"wp-caption alignnone\"><a href=\"https:\/\/centralmedia.rs\/wp-content\/uploads\/2016\/01\/svetosavska-akademija-svilajnac-g.j..jpg\" rel=\"attachment wp-att-1976\"><img loading=\"lazy\" decoding=\"async\" src=\"https:\/\/centralmedia.rs\/wp-content\/uploads\/2016\/01\/svetosavska-akademija-svilajnac-g.j.-300x225.jpg\" alt=\"Svetosavska akademija u Prirodnja\u010dkom centru\" width=\"300\" height=\"225\" class=\"size-medium wp-image-1976\" srcset=\"https:\/\/centralmedia.rs\/wp-content\/uploads\/2016\/01\/svetosavska-akademija-svilajnac-g.j.-300x225.jpg 300w, https:\/\/centralmedia.rs\/wp-content\/uploads\/2016\/01\/svetosavska-akademija-svilajnac-g.j.-768x576.jpg 768w, https:\/\/centralmedia.rs\/wp-content\/uploads\/2016\/01\/svetosavska-akademija-svilajnac-g.j.-80x60.jpg 80w, https:\/\/centralmedia.rs\/wp-content\/uploads\/2016\/01\/svetosavska-akademija-svilajnac-g.j.-265x198.jpg 265w, https:\/\/centralmedia.rs\/wp-content\/uploads\/2016\/01\/svetosavska-akademija-svilajnac-g.j..jpg 900w\" sizes=\"(max-width: 300px) 100vw, 300px\" \/><\/a><figcaption id=\"caption-attachment-1976\" class=\"wp-caption-text\">Svetosavska akademija u Prirodnja\u010dkom centru<\/figcaption><\/figure><br \/>\n\t-Drago  nam je da neko u Srbiji prati na\u0161 uspeh, misli da mi vredimo i da na\u0161 trud zna\u010di ne\u0161to. Svilajnac je na nas ostavio lep utisak. Lep, simpati\u010dan i prijatan gradi\u0107. Svetosavska sve\u010danost je bila veli\u010danstvena, ka\u017ee Novi\u010di\u0107 koji je osvojio bronzanu medalju iz fizike na Olimpijadi.<br \/>\n<figure id=\"attachment_1977\" aria-describedby=\"caption-attachment-1977\" style=\"width: 300px\" class=\"wp-caption alignnone\"><a href=\"https:\/\/centralmedia.rs\/wp-content\/uploads\/2016\/01\/svetosavska-akademija-2-svilajnac-g.j..jpg\" rel=\"attachment wp-att-1977\"><img loading=\"lazy\" decoding=\"async\" src=\"https:\/\/centralmedia.rs\/wp-content\/uploads\/2016\/01\/svetosavska-akademija-2-svilajnac-g.j.-300x169.jpg\" alt=\"Muzi\u010dki talenti\" width=\"300\" height=\"169\" class=\"size-medium wp-image-1977\" srcset=\"https:\/\/centralmedia.rs\/wp-content\/uploads\/2016\/01\/svetosavska-akademija-2-svilajnac-g.j.-300x169.jpg 300w, https:\/\/centralmedia.rs\/wp-content\/uploads\/2016\/01\/svetosavska-akademija-2-svilajnac-g.j.-768x433.jpg 768w, https:\/\/centralmedia.rs\/wp-content\/uploads\/2016\/01\/svetosavska-akademija-2-svilajnac-g.j..jpg 900w\" sizes=\"(max-width: 300px) 100vw, 300px\" \/><\/a><figcaption id=\"caption-attachment-1977\" class=\"wp-caption-text\">Muzi\u010dki talenti<\/figcaption><\/figure><br \/>\nOni su bili gosti Svilajnca na Savindan, a njima su dru\u0161tvo pravili najtalentovaniji u\u010denici \u0160kole za muzi\u010dke talente iz \u0106uprije,kao i hor u\u010denika svilajna\u010dke osnovne \u0161kole. U proteklih osam godina u svilajna\u010dke obrazovne objekte ulo\u017eeno je fantasti\u010dnih 10 miliona evra, od Prirodnja\u010dkog centra, preko Poljoprivredne \u0161kole i doma u\u010denika, do rekonstrukcije ostalih \u0161kolskih objekata.<br \/>\n<figure id=\"attachment_1975\" aria-describedby=\"caption-attachment-1975\" style=\"width: 300px\" class=\"wp-caption alignnone\"><a href=\"https:\/\/centralmedia.rs\/wp-content\/uploads\/2016\/01\/svetosavska-akademija-dobitnici-zahvalnica-svilajnac-g.j..jpg\" rel=\"attachment wp-att-1975\"><img loading=\"lazy\" decoding=\"async\" src=\"https:\/\/centralmedia.rs\/wp-content\/uploads\/2016\/01\/svetosavska-akademija-dobitnici-zahvalnica-svilajnac-g.j.-300x221.jpg\" alt=\"Nagra\u0111eni u\u010denici i prosvetni radnici\" width=\"300\" height=\"221\" class=\"size-medium wp-image-1975\" srcset=\"https:\/\/centralmedia.rs\/wp-content\/uploads\/2016\/01\/svetosavska-akademija-dobitnici-zahvalnica-svilajnac-g.j.-300x221.jpg 300w, https:\/\/centralmedia.rs\/wp-content\/uploads\/2016\/01\/svetosavska-akademija-dobitnici-zahvalnica-svilajnac-g.j.-768x566.jpg 768w, https:\/\/centralmedia.rs\/wp-content\/uploads\/2016\/01\/svetosavska-akademija-dobitnici-zahvalnica-svilajnac-g.j.-1024x754.jpg 1024w, https:\/\/centralmedia.rs\/wp-content\/uploads\/2016\/01\/svetosavska-akademija-dobitnici-zahvalnica-svilajnac-g.j.-80x60.jpg 80w, https:\/\/centralmedia.rs\/wp-content\/uploads\/2016\/01\/svetosavska-akademija-dobitnici-zahvalnica-svilajnac-g.j..jpg 1200w\" sizes=\"(max-width: 300px) 100vw, 300px\" \/><\/a><figcaption id=\"caption-attachment-1975\" class=\"wp-caption-text\">Nagra\u0111eni u\u010denici i prosvetni radnici<\/figcaption><\/figure><br \/>\n\t&#8211; Dru\u017eimo samo sa najboljima, jer smatramo da jedino tako mo\u017eemo da pravimo najbolje rezultate. Pored toga, smatramo da bez adekvatnih uslova nema ni dobrog obrazovanja. Trudili smo se proteklih godina, a to \u0107emo raditi i dalje, da stvorimo uslove kakve imaju deca u razvijenim zemljama. Ne smatramo da radimo neke epohalne  stvari, ve\u0107 da vi radite velike stvari, a mi smo tu da stvorimo uslove za velika dela. To su na\u0161a deca, Svilajn\u010dani koji \u0107e sutra voditi uspe\u0161no ovu op\u0161tinu, zaklju\u010dio predsednik op\u0161tine Predrag Milanovi\u0107.<br \/>\nPovodom Savindana devetoro nastavnika, pedagoga i vaspita\u010da, kao i dvoje u\u010denika Katarinu Postolovi\u0107 i Marka Markovi\u0107a nagra\u0111eno je Svetosavskim zahvalnicama i nov\u010danim iznosima od po 10.000 dinara. Visoko\u0161kolska ustanova Visan nagradila sa lapotpovima i knjigama dvoje najboljih u\u010denika.<\/p>\n","protected":false},"excerpt":{"rendered":"<p>SVILAJNAC-\u0160ampioni Olimpijade prirodnih nauka u Kazahstanu Beogra\u0111ani Aleksa Milojevi\u0107 i Du\u0161an Novi\u010di\u0107 ve\u010deras su ovacijama pozdravljeni na Svetosavskoj akademiji u Svilajncu, koja je odr\u017eana u &hellip; <\/p>\n","protected":false},"author":4,"featured_media":1974,"comment_status":"open","ping_status":"open","sticky":false,"template":"","format":"standard","meta":{"footnotes":""},"categories":[14,2,12],"tags":[502,500,501,38],"_links":{"self":[{"href":"https:\/\/centralmedia.rs\/index.php\/wp-json\/wp\/v2\/posts\/1973"}],"collection":[{"href":"https:\/\/centralmedia.rs\/index.php\/wp-json\/wp\/v2\/posts"}],"about":[{"href":"https:\/\/centralmedia.rs\/index.php\/wp-json\/wp\/v2\/types\/post"}],"author":[{"embeddable":true,"href":"https:\/\/centralmedia.rs\/index.php\/wp-json\/wp\/v2\/users\/4"}],"replies":[{"embeddable":true,"href":"https:\/\/centralmedia.rs\/index.php\/wp-json\/wp\/v2\/comments?post=1973"}],"version-history":[{"count":0,"href":"https:\/\/centralmedia.rs\/index.php\/wp-json\/wp\/v2\/posts\/1973\/revisions"}],"wp:featuredmedia":[{"embeddable":true,"href":"https:\/\/centralmedia.rs\/index.php\/wp-json\/wp\/v2\/media\/1974"}],"wp:attachment":[{"href":"https:\/\/centralmedia.rs\/index.php\/wp-json\/wp\/v2\/media?parent=1973"}],"wp:term":[{"taxonomy":"category","embeddable":true,"href":"https:\/\/centralmedia.rs\/index.php\/wp-json\/wp\/v2\/categories?post=1973"},{"taxonomy":"post_tag","embeddable":true,"href":"https:\/\/centralmedia.rs\/index.php\/wp-json\/wp\/v2\/tags?post=1973"}],"curies":[{"name":"wp","href":"https:\/\/api.w.org\/{rel}","templated":true}]}}