{"id":19746,"date":"2019-08-26T06:15:28","date_gmt":"2019-08-26T06:15:28","guid":{"rendered":"http:\/\/centralmedia.rs\/?p=19746"},"modified":"2019-08-30T10:16:08","modified_gmt":"2019-08-30T10:16:08","slug":"zurkom-na-bazenima-i-smotrom-folklora-u-centru-svilajnca-zavrseno-kulturno-zabavno-leto-2019-foto","status":"publish","type":"post","link":"https:\/\/centralmedia.rs\/index.php\/2019\/08\/26\/zurkom-na-bazenima-i-smotrom-folklora-u-centru-svilajnca-zavrseno-kulturno-zabavno-leto-2019-foto\/","title":{"rendered":"\u017dURKOM I SMOTROM FOLKLORA U SVILAJNCU ZAVR\u0160ENO KULTURNO-ZABAVNO LETO 2019. (FOTO)"},"content":{"rendered":"<p>SVILAJNAC- \u017durka za najmla\u0111e i folklor za najstarije Svilajn\u010dane uprili\u010di su zavr\u0161etak Kulturno- zabavnog leta 2019. U organizaciji udru\u017eenja \u201eDolina svile\u201c, na gradskim bazenima u Svilajncu, odr\u017eana je \u017eurka za najmla\u0111e. Za fenomenalnu atmosferu bili su zadu\u017eeni Sara Jo, Angellina i Leon, a u pauzama su publiku zabavljali DJ DjoleDee i animatori.<\/p>\n<p>Na Smotri folklora u\u010destvovala su kulturno-umetni\u010dka dru\u0161tva &#8220;Sin\u0111eli\u0107&#8221;,&#8221;Dimitrije Kati\u0107&#8221; iz Crkvenca,\u00a0&#8220;Sveta Trojica&#8221; iz Bobova, Gradski hor &#8220;Svilenglas&#8221; i vokalni solista Milica Stevanovi\u0107.<\/p>\n<div id='gallery-1' class='gallery galleryid-19746 gallery-columns-9 gallery-size-thumbnail'><figure class='gallery-item'>\n\t\t\t<div class='gallery-icon landscape'>\n\t\t\t\t<a href='https:\/\/centralmedia.rs\/index.php\/2019\/08\/26\/zurkom-na-bazenima-i-smotrom-folklora-u-centru-svilajnca-zavrseno-kulturno-zabavno-leto-2019-foto\/folklor-4\/'><img loading=\"lazy\" decoding=\"async\" width=\"150\" height=\"150\" src=\"https:\/\/centralmedia.rs\/wp-content\/uploads\/2019\/08\/folklor-150x150.jpg\" class=\"attachment-thumbnail size-thumbnail\" alt=\"\" \/><\/a>\n\t\t\t<\/div><\/figure><figure class='gallery-item'>\n\t\t\t<div class='gallery-icon landscape'>\n\t\t\t\t<a href='https:\/\/centralmedia.rs\/index.php\/2019\/08\/26\/zurkom-na-bazenima-i-smotrom-folklora-u-centru-svilajnca-zavrseno-kulturno-zabavno-leto-2019-foto\/folklor1-2\/'><img loading=\"lazy\" decoding=\"async\" width=\"150\" height=\"150\" src=\"https:\/\/centralmedia.rs\/wp-content\/uploads\/2019\/08\/folklor1-150x150.jpg\" class=\"attachment-thumbnail size-thumbnail\" alt=\"\" \/><\/a>\n\t\t\t<\/div><\/figure><figure class='gallery-item'>\n\t\t\t<div class='gallery-icon landscape'>\n\t\t\t\t<a href='https:\/\/centralmedia.rs\/index.php\/2019\/08\/26\/zurkom-na-bazenima-i-smotrom-folklora-u-centru-svilajnca-zavrseno-kulturno-zabavno-leto-2019-foto\/folklor3\/'><img loading=\"lazy\" decoding=\"async\" width=\"150\" height=\"150\" src=\"https:\/\/centralmedia.rs\/wp-content\/uploads\/2019\/08\/folklor3-150x150.jpg\" class=\"attachment-thumbnail size-thumbnail\" alt=\"\" \/><\/a>\n\t\t\t<\/div><\/figure><figure class='gallery-item'>\n\t\t\t<div class='gallery-icon landscape'>\n\t\t\t\t<a href='https:\/\/centralmedia.rs\/index.php\/2019\/08\/26\/zurkom-na-bazenima-i-smotrom-folklora-u-centru-svilajnca-zavrseno-kulturno-zabavno-leto-2019-foto\/folklor4\/'><img loading=\"lazy\" decoding=\"async\" width=\"150\" height=\"150\" src=\"https:\/\/centralmedia.rs\/wp-content\/uploads\/2019\/08\/folklor4-150x150.jpg\" class=\"attachment-thumbnail size-thumbnail\" alt=\"\" \/><\/a>\n\t\t\t<\/div><\/figure><figure class='gallery-item'>\n\t\t\t<div class='gallery-icon landscape'>\n\t\t\t\t<a href='https:\/\/centralmedia.rs\/index.php\/2019\/08\/26\/zurkom-na-bazenima-i-smotrom-folklora-u-centru-svilajnca-zavrseno-kulturno-zabavno-leto-2019-foto\/folkor1\/'><img loading=\"lazy\" decoding=\"async\" width=\"150\" height=\"150\" src=\"https:\/\/centralmedia.rs\/wp-content\/uploads\/2019\/08\/folkor1-150x150.jpg\" class=\"attachment-thumbnail size-thumbnail\" alt=\"\" \/><\/a>\n\t\t\t<\/div><\/figure><figure class='gallery-item'>\n\t\t\t<div class='gallery-icon landscape'>\n\t\t\t\t<a href='https:\/\/centralmedia.rs\/index.php\/2019\/08\/26\/zurkom-na-bazenima-i-smotrom-folklora-u-centru-svilajnca-zavrseno-kulturno-zabavno-leto-2019-foto\/zurka\/'><img loading=\"lazy\" decoding=\"async\" width=\"150\" height=\"150\" src=\"https:\/\/centralmedia.rs\/wp-content\/uploads\/2019\/08\/zurka-150x150.jpg\" class=\"attachment-thumbnail size-thumbnail\" alt=\"\" \/><\/a>\n\t\t\t<\/div><\/figure><figure class='gallery-item'>\n\t\t\t<div class='gallery-icon portrait'>\n\t\t\t\t<a href='https:\/\/centralmedia.rs\/index.php\/2019\/08\/26\/zurkom-na-bazenima-i-smotrom-folklora-u-centru-svilajnca-zavrseno-kulturno-zabavno-leto-2019-foto\/zurka1\/'><img loading=\"lazy\" decoding=\"async\" width=\"150\" height=\"150\" src=\"https:\/\/centralmedia.rs\/wp-content\/uploads\/2019\/08\/zurka1-150x150.jpg\" class=\"attachment-thumbnail size-thumbnail\" alt=\"\" \/><\/a>\n\t\t\t<\/div><\/figure><figure class='gallery-item'>\n\t\t\t<div class='gallery-icon landscape'>\n\t\t\t\t<a href='https:\/\/centralmedia.rs\/index.php\/2019\/08\/26\/zurkom-na-bazenima-i-smotrom-folklora-u-centru-svilajnca-zavrseno-kulturno-zabavno-leto-2019-foto\/zurka4\/'><img loading=\"lazy\" decoding=\"async\" width=\"150\" height=\"150\" src=\"https:\/\/centralmedia.rs\/wp-content\/uploads\/2019\/08\/zurka4-150x150.jpg\" class=\"attachment-thumbnail size-thumbnail\" alt=\"\" \/><\/a>\n\t\t\t<\/div><\/figure><figure class='gallery-item'>\n\t\t\t<div class='gallery-icon landscape'>\n\t\t\t\t<a href='https:\/\/centralmedia.rs\/index.php\/2019\/08\/26\/zurkom-na-bazenima-i-smotrom-folklora-u-centru-svilajnca-zavrseno-kulturno-zabavno-leto-2019-foto\/zurka5\/'><img loading=\"lazy\" decoding=\"async\" width=\"150\" height=\"150\" src=\"https:\/\/centralmedia.rs\/wp-content\/uploads\/2019\/08\/zurka5-150x150.jpg\" class=\"attachment-thumbnail size-thumbnail\" alt=\"\" \/><\/a>\n\t\t\t<\/div><\/figure>\n\t\t<\/div>\n\n","protected":false},"excerpt":{"rendered":"<p>SVILAJNAC- \u017durka za najmla\u0111e i folklor za najstarije Svilajn\u010dane uprili\u010di su zavr\u0161etak Kulturno- zabavnog leta 2019. U organizaciji udru\u017eenja \u201eDolina svile\u201c, na gradskim bazenima u &hellip; <\/p>\n","protected":false},"author":2,"featured_media":19747,"comment_status":"open","ping_status":"open","sticky":false,"template":"","format":"standard","meta":{"footnotes":""},"categories":[1524,2,887,16,12,1517],"tags":[2545,38,2922],"_links":{"self":[{"href":"https:\/\/centralmedia.rs\/index.php\/wp-json\/wp\/v2\/posts\/19746"}],"collection":[{"href":"https:\/\/centralmedia.rs\/index.php\/wp-json\/wp\/v2\/posts"}],"about":[{"href":"https:\/\/centralmedia.rs\/index.php\/wp-json\/wp\/v2\/types\/post"}],"author":[{"embeddable":true,"href":"https:\/\/centralmedia.rs\/index.php\/wp-json\/wp\/v2\/users\/2"}],"replies":[{"embeddable":true,"href":"https:\/\/centralmedia.rs\/index.php\/wp-json\/wp\/v2\/comments?post=19746"}],"version-history":[{"count":2,"href":"https:\/\/centralmedia.rs\/index.php\/wp-json\/wp\/v2\/posts\/19746\/revisions"}],"predecessor-version":[{"id":19758,"href":"https:\/\/centralmedia.rs\/index.php\/wp-json\/wp\/v2\/posts\/19746\/revisions\/19758"}],"wp:featuredmedia":[{"embeddable":true,"href":"https:\/\/centralmedia.rs\/index.php\/wp-json\/wp\/v2\/media\/19747"}],"wp:attachment":[{"href":"https:\/\/centralmedia.rs\/index.php\/wp-json\/wp\/v2\/media?parent=19746"}],"wp:term":[{"taxonomy":"category","embeddable":true,"href":"https:\/\/centralmedia.rs\/index.php\/wp-json\/wp\/v2\/categories?post=19746"},{"taxonomy":"post_tag","embeddable":true,"href":"https:\/\/centralmedia.rs\/index.php\/wp-json\/wp\/v2\/tags?post=19746"}],"curies":[{"name":"wp","href":"https:\/\/api.w.org\/{rel}","templated":true}]}}