{"id":19759,"date":"2019-08-27T11:14:21","date_gmt":"2019-08-27T11:14:21","guid":{"rendered":"http:\/\/centralmedia.rs\/?p=19759"},"modified":"2019-08-30T10:16:23","modified_gmt":"2019-08-30T10:16:23","slug":"odbornici-so-paracin-sem-odbornika-sns-i-js-pokrenuli-humanitarnu-akciju-socijalno-ugrozeni-mole-drzavu-za-saglasnost-za-postavljanje-direktora-csr","status":"publish","type":"post","link":"https:\/\/centralmedia.rs\/index.php\/2019\/08\/27\/odbornici-so-paracin-sem-odbornika-sns-i-js-pokrenuli-humanitarnu-akciju-socijalno-ugrozeni-mole-drzavu-za-saglasnost-za-postavljanje-direktora-csr\/","title":{"rendered":"ODBORNICI SO PARA\u0106IN, SEM ODBORNIKA SNS I JS, POKRENULI HUMANITARNU AKCIJU &#8211; SOCIJALNO UGRO\u017dENI MOLE DR\u017dAVU ZA SAGLASNOST ZA POSTAVLJANJE DIREKTORA CSR"},"content":{"rendered":"<p>PARA\u0106IN-Odbornici SO Para\u0107in na ju\u010dera\u0161njoj sednici usvojili su Zaklju\u010dak o pokretanju humanitarne akciju i upu\u0107uje apel svim humanitarnim organizacijama da se priklju\u010de i pomognu socijalno ugro\u017eenim osobama koje ne mogu da primaju socijalnu promo\u0107 jer nadle\u017eno ministarstvo ve\u0107 3 godine ne daje saglasnost za izbor direktora Centra za socijalni rad, nadle\u017eni ne daju bilo kakav odgovor na niz upu\u0107enih zahteva. Odbornici SNS i JS nisu u\u010destvovali u glasanju, iako su bili prisutni.<\/p>\n<p><img loading=\"lazy\" decoding=\"async\" class=\"alignnone wp-image-19761 size-large\" src=\"http:\/\/centralmedia.rs\/wp-content\/uploads\/2019\/08\/roditelji1-1024x594.jpg\" alt=\"\" width=\"640\" height=\"371\" srcset=\"https:\/\/centralmedia.rs\/wp-content\/uploads\/2019\/08\/roditelji1-1024x594.jpg 1024w, https:\/\/centralmedia.rs\/wp-content\/uploads\/2019\/08\/roditelji1-300x174.jpg 300w, https:\/\/centralmedia.rs\/wp-content\/uploads\/2019\/08\/roditelji1-768x446.jpg 768w, https:\/\/centralmedia.rs\/wp-content\/uploads\/2019\/08\/roditelji1-724x420.jpg 724w, https:\/\/centralmedia.rs\/wp-content\/uploads\/2019\/08\/roditelji1-640x372.jpg 640w, https:\/\/centralmedia.rs\/wp-content\/uploads\/2019\/08\/roditelji1-681x395.jpg 681w, https:\/\/centralmedia.rs\/wp-content\/uploads\/2019\/08\/roditelji1.jpg 1280w\" sizes=\"(max-width: 640px) 100vw, 640px\" \/><\/p>\n<p>Roditelji dece ometene u razvoju i \u00a0radnici Domskog odeljenja u Izvoru na sastanku sa predsednikom op\u0161tine Sa\u0161om Paunovi\u0107em uputili su molbu dr\u017eavi da da saglasnost na postavljanje Direktora za socijalni rad u Para\u0107inu i poru\u010duju da ,,ne mo\u017ee na nama da se slomi, nije u redu da ne mo\u017ee&#8221;.<\/p>\n<p>-Na\u0161 problem je veliki, ogorman. Ne krivimo nikog, ovo je \u010dista politika. Na\u0161 problem su i primanja zaposlenih koji brinu o deci. Nema ko da potpi\u0161e nabavku goriva kako bi korisnike sa mentalnim poreme\u0107ajima i invalide vozili na terapiju, ka\u017eu roditelji i predstavnici Doma.<\/p>\n<p>Paunovi\u0107 ih je uverio da \u0107e uskoro problem biti re\u0161en, ali da \u0107e se do tada sna\u0107i da se problemi prevazilaze.<\/p>\n<div id='gallery-1' class='gallery galleryid-19759 gallery-columns-4 gallery-size-thumbnail'><figure class='gallery-item'>\n\t\t\t<div class='gallery-icon landscape'>\n\t\t\t\t<a href='https:\/\/centralmedia.rs\/index.php\/2019\/08\/27\/odbornici-so-paracin-sem-odbornika-sns-i-js-pokrenuli-humanitarnu-akciju-socijalno-ugrozeni-mole-drzavu-za-saglasnost-za-postavljanje-direktora-csr\/sasa-paunovic-8\/'><img loading=\"lazy\" decoding=\"async\" width=\"150\" height=\"150\" src=\"https:\/\/centralmedia.rs\/wp-content\/uploads\/2019\/08\/sasa-paunovic-150x150.jpg\" class=\"attachment-thumbnail size-thumbnail\" alt=\"\" \/><\/a>\n\t\t\t<\/div><\/figure><figure class='gallery-item'>\n\t\t\t<div class='gallery-icon landscape'>\n\t\t\t\t<a href='https:\/\/centralmedia.rs\/index.php\/2019\/08\/27\/odbornici-so-paracin-sem-odbornika-sns-i-js-pokrenuli-humanitarnu-akciju-socijalno-ugrozeni-mole-drzavu-za-saglasnost-za-postavljanje-direktora-csr\/so-paracin-3\/'><img loading=\"lazy\" decoding=\"async\" width=\"150\" height=\"150\" src=\"https:\/\/centralmedia.rs\/wp-content\/uploads\/2019\/08\/so-paracin-3-150x150.jpg\" class=\"attachment-thumbnail size-thumbnail\" alt=\"\" \/><\/a>\n\t\t\t<\/div><\/figure><figure class='gallery-item'>\n\t\t\t<div class='gallery-icon landscape'>\n\t\t\t\t<a href='https:\/\/centralmedia.rs\/index.php\/2019\/08\/27\/odbornici-so-paracin-sem-odbornika-sns-i-js-pokrenuli-humanitarnu-akciju-socijalno-ugrozeni-mole-drzavu-za-saglasnost-za-postavljanje-direktora-csr\/so-paracin1\/'><img loading=\"lazy\" decoding=\"async\" width=\"150\" height=\"150\" src=\"https:\/\/centralmedia.rs\/wp-content\/uploads\/2019\/08\/so-paracin1-150x150.jpg\" class=\"attachment-thumbnail size-thumbnail\" alt=\"\" \/><\/a>\n\t\t\t<\/div><\/figure><figure class='gallery-item'>\n\t\t\t<div class='gallery-icon landscape'>\n\t\t\t\t<a href='https:\/\/centralmedia.rs\/index.php\/2019\/08\/27\/odbornici-so-paracin-sem-odbornika-sns-i-js-pokrenuli-humanitarnu-akciju-socijalno-ugrozeni-mole-drzavu-za-saglasnost-za-postavljanje-direktora-csr\/so-paracin2\/'><img loading=\"lazy\" decoding=\"async\" width=\"150\" height=\"150\" src=\"https:\/\/centralmedia.rs\/wp-content\/uploads\/2019\/08\/so-paracin2-150x150.jpg\" class=\"attachment-thumbnail size-thumbnail\" alt=\"\" \/><\/a>\n\t\t\t<\/div><\/figure>\n\t\t<\/div>\n\n<p>Direktorka Centra za socijalni rad podnela je ostavku 2016.godine i u vi\u0161e navrata upu\u0107ivan je predlog za imenovanje vd direktora nadle\u017enom ministarstvu. Nikada nije dobijen nikakav odgovor. Iz Ministarstva je stigla saglasnost za lice za koje nikada nije upu\u0107en zahtev.<\/p>\n<p>-To je bilo vrlo neobi\u010dno jer po proceduri i Zakonu Centar tra\u017ei saglasnost za pitanje koje je uputio i postavlja se pitanje ko je uputio taj predlog Ministarstu. Po meni, odgovor na to pitanje je da je zahtev uputio para\u0107inski SNS. Ukoliko je to ta\u010dno onda imamo kr\u0161enje \u010ditavog niza zakona, kao i trgovinu uticajem i pitamo se zbog \u010dega nam sti\u017ee saglasnost za osobu za koju saglasnost nismo tra\u017eili, a nikako ne sti\u017ee za direktora za koga smo tra\u017eili tu istu saglasnost, rekao je predsednik te op\u0161tine Sa\u0161a Paunovi\u0107.<\/p>\n<p>Tokom leta iz te Op\u0161tine upu\u0107ena su dva predloga za dve razli\u010dite kandidatkinje za vd direktora. Odgovora nema. Dobijen je samo neformalan odgovor da ,,Para\u0107in saglasnost ne\u0107e dobiti nikada&#8221;. Sli\u010dna je situacija u \u0160apcu. Lokalna samouprava nije dobila nikakav odgovor od strane Ministarstva i oni su postavili direktora bez saglasnosti jer su protuma\u010dili ,,\u0107utanje&#8221; adminsitracije kao pozitivan odgovor.<\/p>\n<p>-Jasno je da postoji opstrukcija i da je ona namerna i smi\u0161ljena i ovo je najve\u0107i mogu\u0107i dokaz da SNS vr\u0161i opstrukciju tamo gde nema vlast, a to su \u0160abac i Para\u0107in. Dakle, mogu odgovorno da ka\u017eem da ovakav slu\u010daj nije zabele\u017een za ovih 19 godina koliko se nalazim u ovoj instituciji. Bilo je razli\u010ditih Vlada, boljih i gorih ministara, ali da ovako dr\u017eava ne funkcioni\u0161e, to nije bilo nikada. Ministarstvo tri godine opstrui\u0161e op\u0161tinu Para\u0107in u nekom poslu koji je moralo da sprovede. Javnost mora da zna da i mi i ljudi koji zavise od Centra za socijalni rad trpimo stra\u0161ne posledice. U\u010dini\u0107emo sve \u0161to je u na\u0161oj mo\u0107i a u skladu sa zakonom da pomognemo ovim ljudima. Ovde se ne radi o novcu nego o tome da smo spre\u010deni od strane dr\u017eave da pomognemo ljudima zbog interesa SNS. Ne\u0107emo ostaviti na cedilu najugro\u017eenije, rekao je sa skup\u0161tinske govornice Paunovi\u0107.<\/p>\n<p>Odbornici SNS i JS, iako nisu glasali, bili su aktivini za govornicom i blokadu sistema socijalne za\u0161tite najugro\u017eenijih u Para\u0107inu poku\u0161ali da opravdaju formalnim ne raspisivanjem konkursa za dirketora, \u0161to nije neophodan zakonski uslov da bi se imenovao vd direktor i spre\u010dilo nastajanje blokade rada CSR, krize i pretvaranje najugro\u017eenijih u taoce politi\u010dke igre, \u0161to je predsednik sku\u0161tine Dragan Miti\u0107 nazvao ,,poku\u0161ajem ombane odbornika i gra\u0111ana&#8221;.<\/p>\n<p>Zbog blokade rada Centra na sednici UO\u00a0Crvenog krsta\u00a0odlu\u010deno je da donacija Vlade\u00a0 Srbije u vidu paketa hrane i higijene bude podeljena osobama u stanju socijalne potrebe na osnovu pro\u0161logodi\u0161njih spiskova\u00a0Centra za socijlni rad, jer ovogodi\u0161nji ne postoje, ta ustanova \u00a0ve\u0107 vi\u0161e od mesec dana ne funkcioni\u0161e. Tako je odlu\u010deno i da raspodelu paketa, koja je planirana za po\u010detak septembra, obavlja isklju\u010divo peto\u010dlana komisija koju \u010dine radnici Crvenog krsta i socijalni radnici i bi\u0107e u obavezi da legitimi\u0161u i fotografi\u0161u sve one koji preuzimaju pakete.<\/p>\n<p>ZAKLJU\u010cAK SO PARA\u0106IN<\/p>\n<p>Mi, odbornici Skup\u0161tine Op\u0161tine Para\u0107in, pokre\u0107emo humanitarnu akciju pomo\u0107i obezbe\u0111ivanja osnovnih potreb\u0161tina na\u0161im sugra\u0111anima, korisnicima usluga socijalne za\u0161tite Centra za socijalni rad u Para\u0107inu, odnosno, korisnicama Doma u Izvoru, korisnicima koji imaju prava na narodnu kuhinju, korisnicima koji ostvaruju pravo na lekove i trenutne pomo\u0107i, korisnicima dnevnog centra za osobe sa invaliditetom.<\/p>\n<p>Obave\u0161tavamo javnost da se akcija pokre\u0107e zbog opstrukcije rada Centra za socijalni rad u Para\u0107inu od strane nadle\u017enog Ministarstva za rad zapo\u0161ljavanje, bora\u010dka i socijalna pitanja Republike Srbije koje do danas nije dostavilo saglasnost na predlog za imenovanje vr\u0161ioca du\u017enosti direktora ove ustanove, onemogu\u0107avaju\u0107i normalan rad ove ustanove i kr\u0161e\u0107i pri tom prava na\u0161ih najugro\u017eenijih sugra\u0111ana koja im zakonski sleduju i koja ostvaruju putem ove ustanove.<\/p>\n<p>U ovoj okolnosti, upu\u0107ujemo apel svim doma\u0107im i me\u0111unarodnim humanitarnim organizacijama koje se bave spre\u010davanjem kr\u0161enja ljudskih prava, da zbog ove situacije, kojom je o\u010digledno naru\u0161eno pravo na lokalnu samoupravu blokiranjem institucija Op\u0161tine Para\u0107in od strane Ministarstva za rad, zapo\u0161ljavanje, bora\u010dka i socijalna pitanja, pomognu u prikupljanju humanitarne pomo\u0107i najugro\u017eenijim korisnicima usluga socijalne za\u0161tite sa teritorije op\u0161tine Para\u0107in, shodno svojim mogu\u0107nostima i ovla\u0161\u0107enjima.<\/p>\n<p>&nbsp;<\/p>\n","protected":false},"excerpt":{"rendered":"<p>PARA\u0106IN-Odbornici SO Para\u0107in na ju\u010dera\u0161njoj sednici usvojili su Zaklju\u010dak o pokretanju humanitarne akciju i upu\u0107uje apel svim humanitarnim organizacijama da se priklju\u010de i pomognu socijalno &hellip; <\/p>\n","protected":false},"author":2,"featured_media":19760,"comment_status":"open","ping_status":"open","sticky":false,"template":"","format":"standard","meta":{"footnotes":""},"categories":[1524,2,1516,13,887,12],"tags":[3246,216,156,3977],"_links":{"self":[{"href":"https:\/\/centralmedia.rs\/index.php\/wp-json\/wp\/v2\/posts\/19759"}],"collection":[{"href":"https:\/\/centralmedia.rs\/index.php\/wp-json\/wp\/v2\/posts"}],"about":[{"href":"https:\/\/centralmedia.rs\/index.php\/wp-json\/wp\/v2\/types\/post"}],"author":[{"embeddable":true,"href":"https:\/\/centralmedia.rs\/index.php\/wp-json\/wp\/v2\/users\/2"}],"replies":[{"embeddable":true,"href":"https:\/\/centralmedia.rs\/index.php\/wp-json\/wp\/v2\/comments?post=19759"}],"version-history":[{"count":2,"href":"https:\/\/centralmedia.rs\/index.php\/wp-json\/wp\/v2\/posts\/19759\/revisions"}],"predecessor-version":[{"id":19767,"href":"https:\/\/centralmedia.rs\/index.php\/wp-json\/wp\/v2\/posts\/19759\/revisions\/19767"}],"wp:featuredmedia":[{"embeddable":true,"href":"https:\/\/centralmedia.rs\/index.php\/wp-json\/wp\/v2\/media\/19760"}],"wp:attachment":[{"href":"https:\/\/centralmedia.rs\/index.php\/wp-json\/wp\/v2\/media?parent=19759"}],"wp:term":[{"taxonomy":"category","embeddable":true,"href":"https:\/\/centralmedia.rs\/index.php\/wp-json\/wp\/v2\/categories?post=19759"},{"taxonomy":"post_tag","embeddable":true,"href":"https:\/\/centralmedia.rs\/index.php\/wp-json\/wp\/v2\/tags?post=19759"}],"curies":[{"name":"wp","href":"https:\/\/api.w.org\/{rel}","templated":true}]}}