{"id":19768,"date":"2019-08-27T14:59:29","date_gmt":"2019-08-27T14:59:29","guid":{"rendered":"http:\/\/centralmedia.rs\/?p=19768"},"modified":"2019-09-05T12:15:28","modified_gmt":"2019-09-05T12:15:28","slug":"krstovdanske-svecanosti-u-paracinu-koncert-natase-bekvalac","status":"publish","type":"post","link":"https:\/\/centralmedia.rs\/index.php\/2019\/08\/27\/krstovdanske-svecanosti-u-paracinu-koncert-natase-bekvalac\/","title":{"rendered":"KRSTOVDANSKE SVE\u010cANOSTI U PARA\u0106INU &#8211; KONCERT NATA\u0160E BEKVALAC"},"content":{"rendered":"<p>PARA\u0106IN- Povodom Dana op\u0161tine Para\u0107in , tradicionalno se organizuju Krstovdanske sve\u010danosti tokom septembra. Turisti\u010dka organizacija Para\u0107ina je organizator \u00a0manifestacija<\/p>\n<p>Jazz night\u00a0&#8211; 7. septembra od 20 sati, Pozori\u0161te Para\u0107in, Big band RTS-a i Fran\u010desko Santu\u010di. Potrebno je podi\u0107i bespaltne ulaznice u Turisti\u010dkoj organizaciji.<\/p>\n<p>Etno fest\u00a0&#8211; 14. septembar od 10 sati, ulica Kralja Petra I, prodajna izlo\u017eba narodne radinosti<\/p>\n<p>De\u010diji karneval\u00a0&#8211; 21. septembar od 12 sati, trg u centru grada, oko 600 dece iz vrti\u0107a i osnovnih \u0161kola Pomoravlja prodefilova\u0107e gradom i nastupati na bini u centru<\/p>\n<p>Koncert\u00a0Nata\u0161e Bekvalac &#8211; 21. septembar od 20 sati, trg u centru grada<\/p>\n<div id='gallery-1' class='gallery galleryid-19768 gallery-columns-5 gallery-size-thumbnail'><figure class='gallery-item'>\n\t\t\t<div class='gallery-icon landscape'>\n\t\t\t\t<a href='https:\/\/centralmedia.rs\/index.php\/2019\/08\/27\/krstovdanske-svecanosti-u-paracinu-koncert-natase-bekvalac\/bigbend\/'><img loading=\"lazy\" decoding=\"async\" width=\"150\" height=\"150\" src=\"https:\/\/centralmedia.rs\/wp-content\/uploads\/2019\/08\/bigbend-150x150.jpg\" class=\"attachment-thumbnail size-thumbnail\" alt=\"\" \/><\/a>\n\t\t\t<\/div><\/figure><figure class='gallery-item'>\n\t\t\t<div class='gallery-icon landscape'>\n\t\t\t\t<a href='https:\/\/centralmedia.rs\/index.php\/2019\/08\/27\/krstovdanske-svecanosti-u-paracinu-koncert-natase-bekvalac\/deciji-festival-2\/'><img loading=\"lazy\" decoding=\"async\" width=\"150\" height=\"150\" src=\"https:\/\/centralmedia.rs\/wp-content\/uploads\/2019\/08\/deciji-festival-150x150.jpg\" class=\"attachment-thumbnail size-thumbnail\" alt=\"\" \/><\/a>\n\t\t\t<\/div><\/figure><figure class='gallery-item'>\n\t\t\t<div class='gallery-icon landscape'>\n\t\t\t\t<a href='https:\/\/centralmedia.rs\/index.php\/2019\/08\/27\/krstovdanske-svecanosti-u-paracinu-koncert-natase-bekvalac\/etnofest\/'><img loading=\"lazy\" decoding=\"async\" width=\"150\" height=\"150\" src=\"https:\/\/centralmedia.rs\/wp-content\/uploads\/2019\/08\/etnofest-150x150.jpg\" class=\"attachment-thumbnail size-thumbnail\" alt=\"\" \/><\/a>\n\t\t\t<\/div><\/figure><figure class='gallery-item'>\n\t\t\t<div class='gallery-icon portrait'>\n\t\t\t\t<a href='https:\/\/centralmedia.rs\/index.php\/2019\/08\/27\/krstovdanske-svecanosti-u-paracinu-koncert-natase-bekvalac\/jazz-2\/'><img loading=\"lazy\" decoding=\"async\" width=\"150\" height=\"150\" src=\"https:\/\/centralmedia.rs\/wp-content\/uploads\/2019\/08\/jazz-150x150.jpg\" class=\"attachment-thumbnail size-thumbnail\" alt=\"\" \/><\/a>\n\t\t\t<\/div><\/figure><figure class='gallery-item'>\n\t\t\t<div class='gallery-icon landscape'>\n\t\t\t\t<a href='https:\/\/centralmedia.rs\/index.php\/2019\/08\/27\/krstovdanske-svecanosti-u-paracinu-koncert-natase-bekvalac\/bekvalac\/'><img loading=\"lazy\" decoding=\"async\" width=\"150\" height=\"150\" src=\"https:\/\/centralmedia.rs\/wp-content\/uploads\/2019\/08\/bekvalac-150x150.jpg\" class=\"attachment-thumbnail size-thumbnail\" alt=\"\" srcset=\"https:\/\/centralmedia.rs\/wp-content\/uploads\/2019\/08\/bekvalac-150x150.jpg 150w, https:\/\/centralmedia.rs\/wp-content\/uploads\/2019\/08\/bekvalac-300x300.jpg 300w, https:\/\/centralmedia.rs\/wp-content\/uploads\/2019\/08\/bekvalac-768x768.jpg 768w, https:\/\/centralmedia.rs\/wp-content\/uploads\/2019\/08\/bekvalac-420x420.jpg 420w, https:\/\/centralmedia.rs\/wp-content\/uploads\/2019\/08\/bekvalac-640x640.jpg 640w, https:\/\/centralmedia.rs\/wp-content\/uploads\/2019\/08\/bekvalac-681x681.jpg 681w, https:\/\/centralmedia.rs\/wp-content\/uploads\/2019\/08\/bekvalac.jpg 960w\" sizes=\"(max-width: 150px) 100vw, 150px\" \/><\/a>\n\t\t\t<\/div><\/figure>\n\t\t<\/div>\n\n<p>&nbsp;<\/p>\n","protected":false},"excerpt":{"rendered":"<p>PARA\u0106IN- Povodom Dana op\u0161tine Para\u0107in , tradicionalno se organizuju Krstovdanske sve\u010danosti tokom septembra. Turisti\u010dka organizacija Para\u0107ina je organizator \u00a0manifestacija Jazz night\u00a0&#8211; 7. septembra od 20 &hellip; <\/p>\n","protected":false},"author":2,"featured_media":19769,"comment_status":"open","ping_status":"open","sticky":false,"template":"","format":"standard","meta":{"footnotes":""},"categories":[1524,2,23,1516,887,3054],"tags":[1213,3978,156],"_links":{"self":[{"href":"https:\/\/centralmedia.rs\/index.php\/wp-json\/wp\/v2\/posts\/19768"}],"collection":[{"href":"https:\/\/centralmedia.rs\/index.php\/wp-json\/wp\/v2\/posts"}],"about":[{"href":"https:\/\/centralmedia.rs\/index.php\/wp-json\/wp\/v2\/types\/post"}],"author":[{"embeddable":true,"href":"https:\/\/centralmedia.rs\/index.php\/wp-json\/wp\/v2\/users\/2"}],"replies":[{"embeddable":true,"href":"https:\/\/centralmedia.rs\/index.php\/wp-json\/wp\/v2\/comments?post=19768"}],"version-history":[{"count":1,"href":"https:\/\/centralmedia.rs\/index.php\/wp-json\/wp\/v2\/posts\/19768\/revisions"}],"predecessor-version":[{"id":19774,"href":"https:\/\/centralmedia.rs\/index.php\/wp-json\/wp\/v2\/posts\/19768\/revisions\/19774"}],"wp:featuredmedia":[{"embeddable":true,"href":"https:\/\/centralmedia.rs\/index.php\/wp-json\/wp\/v2\/media\/19769"}],"wp:attachment":[{"href":"https:\/\/centralmedia.rs\/index.php\/wp-json\/wp\/v2\/media?parent=19768"}],"wp:term":[{"taxonomy":"category","embeddable":true,"href":"https:\/\/centralmedia.rs\/index.php\/wp-json\/wp\/v2\/categories?post=19768"},{"taxonomy":"post_tag","embeddable":true,"href":"https:\/\/centralmedia.rs\/index.php\/wp-json\/wp\/v2\/tags?post=19768"}],"curies":[{"name":"wp","href":"https:\/\/api.w.org\/{rel}","templated":true}]}}