{"id":19775,"date":"2019-08-27T15:06:27","date_gmt":"2019-08-27T15:06:27","guid":{"rendered":"http:\/\/centralmedia.rs\/?p=19775"},"modified":"2019-08-30T10:16:45","modified_gmt":"2019-08-30T10:16:45","slug":"poziv-za-ucesce-na-56-medunarodnom-resavskom-poljoprivrednom-sajmu-u-svilajncu","status":"publish","type":"post","link":"https:\/\/centralmedia.rs\/index.php\/2019\/08\/27\/poziv-za-ucesce-na-56-medunarodnom-resavskom-poljoprivrednom-sajmu-u-svilajncu\/","title":{"rendered":"POZIV ZA U\u010cE\u0160\u0106E NA 56. ME\u0110UNARODNOM RESAVSKOM POLjOPRIVREDNOM SAJMU U SVILAJNCU"},"content":{"rendered":"<p>SVILAJNAC- Op\u0161tina Svilajnac organizuje 56. Me\u0111unarodni Resavski poljoprivredni sajam u Svilajncu 11. septembra, koji \u0107e biti odr\u017ean u Poljoprivredno-veterinarskoj \u0161koli sa domom u\u010denika \u201eSvilajnac\u201c u Svilajncu. Pozivamo Vas da izla\u017eete za vreme trajanja sajma. U\u010de\u0161\u0107e na sajmu je besplatno.<\/p>\n<p><img loading=\"lazy\" decoding=\"async\" class=\"alignnone wp-image-19776 size-full\" src=\"http:\/\/centralmedia.rs\/wp-content\/uploads\/2019\/08\/sajam.jpg\" alt=\"\" width=\"655\" height=\"960\" srcset=\"https:\/\/centralmedia.rs\/wp-content\/uploads\/2019\/08\/sajam.jpg 655w, https:\/\/centralmedia.rs\/wp-content\/uploads\/2019\/08\/sajam-205x300.jpg 205w, https:\/\/centralmedia.rs\/wp-content\/uploads\/2019\/08\/sajam-287x420.jpg 287w, https:\/\/centralmedia.rs\/wp-content\/uploads\/2019\/08\/sajam-640x938.jpg 640w\" sizes=\"(max-width: 655px) 100vw, 655px\" \/><\/p>\n<p>Za najavu Va\u0161eg dolaska, rezervaciju prostora i sve potrebne informacije, kontakt telefoni: 035\/312-012 i 064\/891-26-09 radnim danima od 7,30 do 15,30 \u010dasova, kontakt osoba: Goran Despotovi\u0107.<br \/>\nRok za prijave za u\u010de\u0161\u0107e na sajmu je 08. septembar 2019. godine.<\/p>\n<p>Program:<br \/>\nSve\u010dano otvaranje sajma u 10,00 \u010dasova<br \/>\nIzlo\u017eba goveda, ovaca i konja<br \/>\nPredstavljanje poljoprivredne mehanizacije<br \/>\nPredstavljanje proizvo\u0111a\u010da i distributera sto\u010dne hrane<br \/>\nPredstavljanje proizvo\u0111a\u010da sredstava za za\u0161titu bilja<br \/>\nIzlo\u017eba p\u010delara i p\u010delinjih proizvoda<br \/>\nProgla\u0161enje pobednika i dodela nagrada sa po\u010detkom u 13,00 \u010dasova.<\/p>\n","protected":false},"excerpt":{"rendered":"<p>SVILAJNAC- Op\u0161tina Svilajnac organizuje 56. Me\u0111unarodni Resavski poljoprivredni sajam u Svilajncu 11. septembra, koji \u0107e biti odr\u017ean u Poljoprivredno-veterinarskoj \u0161koli sa domom u\u010denika \u201eSvilajnac\u201c u &hellip; <\/p>\n","protected":false},"author":2,"featured_media":13827,"comment_status":"open","ping_status":"open","sticky":false,"template":"","format":"standard","meta":{"footnotes":""},"categories":[1524,2,887,16,1517],"tags":[3979,38],"_links":{"self":[{"href":"https:\/\/centralmedia.rs\/index.php\/wp-json\/wp\/v2\/posts\/19775"}],"collection":[{"href":"https:\/\/centralmedia.rs\/index.php\/wp-json\/wp\/v2\/posts"}],"about":[{"href":"https:\/\/centralmedia.rs\/index.php\/wp-json\/wp\/v2\/types\/post"}],"author":[{"embeddable":true,"href":"https:\/\/centralmedia.rs\/index.php\/wp-json\/wp\/v2\/users\/2"}],"replies":[{"embeddable":true,"href":"https:\/\/centralmedia.rs\/index.php\/wp-json\/wp\/v2\/comments?post=19775"}],"version-history":[{"count":1,"href":"https:\/\/centralmedia.rs\/index.php\/wp-json\/wp\/v2\/posts\/19775\/revisions"}],"predecessor-version":[{"id":19777,"href":"https:\/\/centralmedia.rs\/index.php\/wp-json\/wp\/v2\/posts\/19775\/revisions\/19777"}],"wp:featuredmedia":[{"embeddable":true,"href":"https:\/\/centralmedia.rs\/index.php\/wp-json\/wp\/v2\/media\/13827"}],"wp:attachment":[{"href":"https:\/\/centralmedia.rs\/index.php\/wp-json\/wp\/v2\/media?parent=19775"}],"wp:term":[{"taxonomy":"category","embeddable":true,"href":"https:\/\/centralmedia.rs\/index.php\/wp-json\/wp\/v2\/categories?post=19775"},{"taxonomy":"post_tag","embeddable":true,"href":"https:\/\/centralmedia.rs\/index.php\/wp-json\/wp\/v2\/tags?post=19775"}],"curies":[{"name":"wp","href":"https:\/\/api.w.org\/{rel}","templated":true}]}}