{"id":19789,"date":"2019-08-27T15:21:08","date_gmt":"2019-08-27T15:21:08","guid":{"rendered":"http:\/\/centralmedia.rs\/?p=19789"},"modified":"2019-08-30T10:17:22","modified_gmt":"2019-08-30T10:17:22","slug":"mestani-mirilovca-zahtevali-izgradnju-ulice","status":"publish","type":"post","link":"https:\/\/centralmedia.rs\/index.php\/2019\/08\/27\/mestani-mirilovca-zahtevali-izgradnju-ulice\/","title":{"rendered":"Me\u0161tani Mirilovca zahtevali izgradnju ulice"},"content":{"rendered":"<p>PARA\u0106IN- U Mirilovcu kod Para\u0107ina po\u010dela je izgradnja jedne seoske ulice a planirana je izgradnja jo\u0161 jedne. Re\u010d je o radovima koji se obavljaju na zahtev me\u0161tana sa zborova gra\u0111ana.<\/p>\n<div id='gallery-1' class='gallery galleryid-19789 gallery-columns-3 gallery-size-full'><figure class='gallery-item'>\n\t\t\t<div class='gallery-icon landscape'>\n\t\t\t\t<a href='https:\/\/centralmedia.rs\/index.php\/2019\/08\/27\/mestani-mirilovca-zahtevali-izgradnju-ulice\/mirilovac\/'><img loading=\"lazy\" decoding=\"async\" width=\"2048\" height=\"1152\" src=\"https:\/\/centralmedia.rs\/wp-content\/uploads\/2019\/08\/mirilovac.jpg\" class=\"attachment-full size-full\" alt=\"\" srcset=\"https:\/\/centralmedia.rs\/wp-content\/uploads\/2019\/08\/mirilovac.jpg 2048w, https:\/\/centralmedia.rs\/wp-content\/uploads\/2019\/08\/mirilovac-300x169.jpg 300w, https:\/\/centralmedia.rs\/wp-content\/uploads\/2019\/08\/mirilovac-768x432.jpg 768w, https:\/\/centralmedia.rs\/wp-content\/uploads\/2019\/08\/mirilovac-1024x576.jpg 1024w, https:\/\/centralmedia.rs\/wp-content\/uploads\/2019\/08\/mirilovac-747x420.jpg 747w, https:\/\/centralmedia.rs\/wp-content\/uploads\/2019\/08\/mirilovac-640x360.jpg 640w, https:\/\/centralmedia.rs\/wp-content\/uploads\/2019\/08\/mirilovac-681x383.jpg 681w\" sizes=\"(max-width: 2048px) 100vw, 2048px\" \/><\/a>\n\t\t\t<\/div><\/figure><figure class='gallery-item'>\n\t\t\t<div class='gallery-icon landscape'>\n\t\t\t\t<a href='https:\/\/centralmedia.rs\/index.php\/2019\/08\/27\/mestani-mirilovca-zahtevali-izgradnju-ulice\/mirlovac\/'><img loading=\"lazy\" decoding=\"async\" width=\"1312\" height=\"640\" src=\"https:\/\/centralmedia.rs\/wp-content\/uploads\/2019\/08\/mirlovac.jpg\" class=\"attachment-full size-full\" alt=\"\" srcset=\"https:\/\/centralmedia.rs\/wp-content\/uploads\/2019\/08\/mirlovac.jpg 1312w, https:\/\/centralmedia.rs\/wp-content\/uploads\/2019\/08\/mirlovac-300x146.jpg 300w, https:\/\/centralmedia.rs\/wp-content\/uploads\/2019\/08\/mirlovac-768x375.jpg 768w, https:\/\/centralmedia.rs\/wp-content\/uploads\/2019\/08\/mirlovac-1024x500.jpg 1024w, https:\/\/centralmedia.rs\/wp-content\/uploads\/2019\/08\/mirlovac-861x420.jpg 861w, https:\/\/centralmedia.rs\/wp-content\/uploads\/2019\/08\/mirlovac-640x312.jpg 640w, https:\/\/centralmedia.rs\/wp-content\/uploads\/2019\/08\/mirlovac-681x332.jpg 681w\" sizes=\"(max-width: 1312px) 100vw, 1312px\" \/><\/a>\n\t\t\t<\/div><\/figure><figure class='gallery-item'>\n\t\t\t<div class='gallery-icon landscape'>\n\t\t\t\t<a href='https:\/\/centralmedia.rs\/index.php\/2019\/08\/27\/mestani-mirilovca-zahtevali-izgradnju-ulice\/mirlovac2\/'><img loading=\"lazy\" decoding=\"async\" width=\"2048\" height=\"1152\" src=\"https:\/\/centralmedia.rs\/wp-content\/uploads\/2019\/08\/mirlovac2.jpg\" class=\"attachment-full size-full\" alt=\"\" srcset=\"https:\/\/centralmedia.rs\/wp-content\/uploads\/2019\/08\/mirlovac2.jpg 2048w, https:\/\/centralmedia.rs\/wp-content\/uploads\/2019\/08\/mirlovac2-300x169.jpg 300w, https:\/\/centralmedia.rs\/wp-content\/uploads\/2019\/08\/mirlovac2-768x432.jpg 768w, https:\/\/centralmedia.rs\/wp-content\/uploads\/2019\/08\/mirlovac2-1024x576.jpg 1024w, https:\/\/centralmedia.rs\/wp-content\/uploads\/2019\/08\/mirlovac2-747x420.jpg 747w, https:\/\/centralmedia.rs\/wp-content\/uploads\/2019\/08\/mirlovac2-640x360.jpg 640w, https:\/\/centralmedia.rs\/wp-content\/uploads\/2019\/08\/mirlovac2-681x383.jpg 681w\" sizes=\"(max-width: 2048px) 100vw, 2048px\" \/><\/a>\n\t\t\t<\/div><\/figure>\n\t\t<\/div>\n\n<p>&nbsp;<\/p>\n","protected":false},"excerpt":{"rendered":"<p>PARA\u0106IN- U Mirilovcu kod Para\u0107ina po\u010dela je izgradnja jedne seoske ulice a planirana je izgradnja jo\u0161 jedne. Re\u010d je o radovima koji se obavljaju na &hellip; <\/p>\n","protected":false},"author":2,"featured_media":19790,"comment_status":"open","ping_status":"open","sticky":false,"template":"","format":"standard","meta":{"footnotes":""},"categories":[1524,2,1516,887,16,12],"tags":[3982,3981,3983],"_links":{"self":[{"href":"https:\/\/centralmedia.rs\/index.php\/wp-json\/wp\/v2\/posts\/19789"}],"collection":[{"href":"https:\/\/centralmedia.rs\/index.php\/wp-json\/wp\/v2\/posts"}],"about":[{"href":"https:\/\/centralmedia.rs\/index.php\/wp-json\/wp\/v2\/types\/post"}],"author":[{"embeddable":true,"href":"https:\/\/centralmedia.rs\/index.php\/wp-json\/wp\/v2\/users\/2"}],"replies":[{"embeddable":true,"href":"https:\/\/centralmedia.rs\/index.php\/wp-json\/wp\/v2\/comments?post=19789"}],"version-history":[{"count":1,"href":"https:\/\/centralmedia.rs\/index.php\/wp-json\/wp\/v2\/posts\/19789\/revisions"}],"predecessor-version":[{"id":19794,"href":"https:\/\/centralmedia.rs\/index.php\/wp-json\/wp\/v2\/posts\/19789\/revisions\/19794"}],"wp:featuredmedia":[{"embeddable":true,"href":"https:\/\/centralmedia.rs\/index.php\/wp-json\/wp\/v2\/media\/19790"}],"wp:attachment":[{"href":"https:\/\/centralmedia.rs\/index.php\/wp-json\/wp\/v2\/media?parent=19789"}],"wp:term":[{"taxonomy":"category","embeddable":true,"href":"https:\/\/centralmedia.rs\/index.php\/wp-json\/wp\/v2\/categories?post=19789"},{"taxonomy":"post_tag","embeddable":true,"href":"https:\/\/centralmedia.rs\/index.php\/wp-json\/wp\/v2\/tags?post=19789"}],"curies":[{"name":"wp","href":"https:\/\/api.w.org\/{rel}","templated":true}]}}