{"id":19796,"date":"2019-08-28T14:35:06","date_gmt":"2019-08-28T14:35:06","guid":{"rendered":"http:\/\/centralmedia.rs\/?p=19796"},"modified":"2019-08-30T10:17:28","modified_gmt":"2019-08-30T10:17:28","slug":"odbornici-u-petak-resavaju-problem-socijalne-zastite-strajk-upozorenja-zaposelnih-u-paracinskom-centru-za-socijalni-rad","status":"publish","type":"post","link":"https:\/\/centralmedia.rs\/index.php\/2019\/08\/28\/odbornici-u-petak-resavaju-problem-socijalne-zastite-strajk-upozorenja-zaposelnih-u-paracinskom-centru-za-socijalni-rad\/","title":{"rendered":"ODBORNICI U PETAK RE\u0160AVAJU PROBLEM SOCIJALNE ZA\u0160TITE &#8211;  \u0160TRAJK UPOZORENJA ZAPOSLENIH U PARA\u0106INSKOM CENTRU ZA SOCIJALNI RAD"},"content":{"rendered":"<p>PARA\u0106IN- Zaposleni u Centru za socijalni rad u Para\u0107inu organizovali su danas od 12 do 13 sati \u0161trajk upozorenja zbog blokade rada te ustanove, koja je usledila zbog opstrukcije Ministarstva za rad i socijalna pitanja i nemogu\u0107nosti imenovanja direktora. Oni su apelovali da dr\u017eava re\u0161i problem u \u0161to kra\u0107em roku. \u010clanica \u0160trajka\u010dkog odbora Jasmina Veli\u010dkovi\u0107 objasnila je da veliki broj Para\u0107inaca, zbog ove situacije, trpi nesagledive posledice.<\/p>\n<p>-\u0160trajk upozorenja odnosi se na sve jedinice ove ustanove, Domsko odeljenje u Izvoru, dnevne boravak za decu i odrasle sa smetnajma u razvoju i klub za stare i upravu Centra, a zbog nere\u0161ene situacije oko postavljanja direktora. Posle vi\u0161e od mesec i po dana, uz redovno obave\u0161tavanje Op\u0161tine i Ministartstva, nismo dobili informacije o re\u0161avanju ovog problema. Zato smo stupili u \u0161trajk upozorenja. Sindikat i deo zaposlenih koji nisu \u010dlanovi zahtevaju postavljanje direktora ustanove, omogu\u0107avanje funkcionisanja sistema socijalne za\u0161tite, Doma i dnevnih boravka i kluba, isplatu zarada i naknada, kazala je ona.<\/p>\n<p>Centar godi\u0161nje obradi oko 10.500 zahteva Para\u0107inaca po raznim osnovama, tome treba dodati jo\u0161 1.000 hitnih slu\u010dajeva, ako se pomono\u017ei sa prose\u010dnim brojem \u010dlanova porodice to je blizu 50.000 ljudi, a Para\u0107in ima 55.000 stanovnika.<\/p>\n<p>-Centar je \u017eila kucavica Para\u0107ina i ovog regiona. Ko god da do\u0111e u Centar ne pitamo za politi\u010dko opredeljenje ili simpatije. Ne \u017eelimo politi\u010dko prepucavanje, niti politiku. Zahtevamo postavljanje direktora i funkcionisanje svih slu\u017ebi. Sada nemamo direktora i ne mo\u017eemo ni\u0161ta od usluga socijalne pomo\u0107i omogu\u0107imo najugro\u017eenijima, kao ni zarade i nadoknade zaposlenih i hranitelja. Od 1. septembra zaposleni,koji koriste prevoz, ne\u0107e mo\u0107i da do\u0111u do radnog mesta, navodi veli\u010dkovi\u0107<\/p>\n<p>Predsednik op\u0161tine Sa\u0161a Paunovi\u0107 najavio je da \u0107e odbornici SO Para\u0107in predlo\u017eiti u petak Odluku kojom \u0107e se izostanak saglasnosti Ministarstva za imenovanje v.d. direktora do 20. septembra tuma\u010diti kao \u0107utanje administracije i pozitivno mi\u0161ljenje.<\/p>\n<p>-Mo\u017eemo ga imenovati i u petak ako saglasnost stigne do petka u 16.00. Vr\u0161ilac du\u017enosti ve\u0107 bi bio postavljen do 20. avgusta, ali je u direktnoj komunikaciji sa funkcionerima Ministarstva najpre potvr\u0111eno da \u0107e drugi kandidat dobiti zakonom obaveznu saglasnost, a kad je upu\u0107en zvani\u010dni predlog obave\u0161teni smo da ipak nikakvog odgovora ne\u0107e biti. Na taj na\u010din izgubljeno je mesec dana, isti\u010de on.<\/p>\n","protected":false},"excerpt":{"rendered":"<p>PARA\u0106IN- Zaposleni u Centru za socijalni rad u Para\u0107inu organizovali su danas od 12 do 13 sati \u0161trajk upozorenja zbog blokade rada te ustanove, koja &hellip; <\/p>\n","protected":false},"author":2,"featured_media":19797,"comment_status":"open","ping_status":"open","sticky":false,"template":"","format":"standard","meta":{"footnotes":""},"categories":[14,1524,2,1516,887,12],"tags":[3246,156,3984],"_links":{"self":[{"href":"https:\/\/centralmedia.rs\/index.php\/wp-json\/wp\/v2\/posts\/19796"}],"collection":[{"href":"https:\/\/centralmedia.rs\/index.php\/wp-json\/wp\/v2\/posts"}],"about":[{"href":"https:\/\/centralmedia.rs\/index.php\/wp-json\/wp\/v2\/types\/post"}],"author":[{"embeddable":true,"href":"https:\/\/centralmedia.rs\/index.php\/wp-json\/wp\/v2\/users\/2"}],"replies":[{"embeddable":true,"href":"https:\/\/centralmedia.rs\/index.php\/wp-json\/wp\/v2\/comments?post=19796"}],"version-history":[{"count":2,"href":"https:\/\/centralmedia.rs\/index.php\/wp-json\/wp\/v2\/posts\/19796\/revisions"}],"predecessor-version":[{"id":19799,"href":"https:\/\/centralmedia.rs\/index.php\/wp-json\/wp\/v2\/posts\/19796\/revisions\/19799"}],"wp:featuredmedia":[{"embeddable":true,"href":"https:\/\/centralmedia.rs\/index.php\/wp-json\/wp\/v2\/media\/19797"}],"wp:attachment":[{"href":"https:\/\/centralmedia.rs\/index.php\/wp-json\/wp\/v2\/media?parent=19796"}],"wp:term":[{"taxonomy":"category","embeddable":true,"href":"https:\/\/centralmedia.rs\/index.php\/wp-json\/wp\/v2\/categories?post=19796"},{"taxonomy":"post_tag","embeddable":true,"href":"https:\/\/centralmedia.rs\/index.php\/wp-json\/wp\/v2\/tags?post=19796"}],"curies":[{"name":"wp","href":"https:\/\/api.w.org\/{rel}","templated":true}]}}