{"id":19800,"date":"2019-08-28T14:38:45","date_gmt":"2019-08-28T14:38:45","guid":{"rendered":"http:\/\/centralmedia.rs\/?p=19800"},"modified":"2019-08-30T10:17:39","modified_gmt":"2019-08-30T10:17:39","slug":"austrijske-diplomate-u-svilajncu","status":"publish","type":"post","link":"https:\/\/centralmedia.rs\/index.php\/2019\/08\/28\/austrijske-diplomate-u-svilajncu\/","title":{"rendered":"AUSTRIJSKE DIPLOMATE U SVILAJNCU"},"content":{"rendered":"<p>SVILAJNAC-\u00a0 Predstavnici austrijske ambasade, Sabine Kroissenbrunner, zamenica austrijskog ambasadora i Christian Brawenz, ata\u0161e federalnog ministarstva za odr\u017eivi razvoj i turizam pri austrijskoj ambasadi posetili su Svilajnac i razgovarali su sa Predragom Milanovi\u0107em, predsednikom te op\u0161tine. Imaju\u0107i u vidu prethodne uspe\u0161ne projekte, koje je finansirala Evropska Unija, glavne teme bile su \u00a0nastavak saradnje iz oblasti privrede, investicija, turizma i \u017eivotne sredine<\/p>\n<p>\u201ePokrenuli smo jedan veliki projekat, a to je izgradnja hipodroma. Na toj lokaciji \u017eelimo da napravimo ekolo\u0161ki park na povr\u0161ini od 6 hektara, koji bi bio edukativnog karaktera, a ujedno i nova turisti\u010dka atrakcija u Svilajncu. \u017delimo da ostvarimo saradnju sa austrijskim gradom Tulnom, koji ve\u0107 ima ovakve projekte\u201c, rekao je Milanovi\u0107.<\/p>\n<p>Predstavnici ambasade su potom posetili ndustrijsku zonu, Poljoprivredno-veterinarsku \u0161kolu sa domom u\u010denika \u201eSvilajnac\u201c, Prirodnja\u010dki centar Srbije u Svilajncu i lokaciju predvi\u0111enu za veliki ekolo\u0161ki projekat.<\/p>\n<p>\u201eSvilajnac je jako dobro organizovana i \u017eiva op\u0161tina, sa vrlo anga\u017eovanim predsednikom. Za\u0161tita \u017eivotne sredine je oblast od velikog zna\u010daja i vidimo da je op\u0161tina Svilajnac anga\u017eovana u oblasti obrazovanja po pitanju ekologije. Druga oblast, gde postoji podr\u0161ka Republike Austrije, jesu investicije i stvaranje novih radnih mesta. Primetili smo da se na tome ubrzano radi i da se industrijska zona u Svilajncu razvija. Ambasada Austrije je tu da podr\u017ei Svilajnac u oblastima gde mo\u017ee da unapredi saradnju, kao \u0161to su investicije, obrazovanje, energija, odr\u017eivi razvoj\u201c izjavila je Sabine Kroissenbrunner, zamenica austrijskog ambasadora.<\/p>\n","protected":false},"excerpt":{"rendered":"<p>SVILAJNAC-\u00a0 Predstavnici austrijske ambasade, Sabine Kroissenbrunner, zamenica austrijskog ambasadora i Christian Brawenz, ata\u0161e federalnog ministarstva za odr\u017eivi razvoj i turizam pri austrijskoj ambasadi posetili su &hellip; <\/p>\n","protected":false},"author":2,"featured_media":19801,"comment_status":"open","ping_status":"open","sticky":false,"template":"","format":"standard","meta":{"footnotes":""},"categories":[1524,2,13,887,12,1517],"tags":[3986,3985,3106,38],"_links":{"self":[{"href":"https:\/\/centralmedia.rs\/index.php\/wp-json\/wp\/v2\/posts\/19800"}],"collection":[{"href":"https:\/\/centralmedia.rs\/index.php\/wp-json\/wp\/v2\/posts"}],"about":[{"href":"https:\/\/centralmedia.rs\/index.php\/wp-json\/wp\/v2\/types\/post"}],"author":[{"embeddable":true,"href":"https:\/\/centralmedia.rs\/index.php\/wp-json\/wp\/v2\/users\/2"}],"replies":[{"embeddable":true,"href":"https:\/\/centralmedia.rs\/index.php\/wp-json\/wp\/v2\/comments?post=19800"}],"version-history":[{"count":1,"href":"https:\/\/centralmedia.rs\/index.php\/wp-json\/wp\/v2\/posts\/19800\/revisions"}],"predecessor-version":[{"id":19802,"href":"https:\/\/centralmedia.rs\/index.php\/wp-json\/wp\/v2\/posts\/19800\/revisions\/19802"}],"wp:featuredmedia":[{"embeddable":true,"href":"https:\/\/centralmedia.rs\/index.php\/wp-json\/wp\/v2\/media\/19801"}],"wp:attachment":[{"href":"https:\/\/centralmedia.rs\/index.php\/wp-json\/wp\/v2\/media?parent=19800"}],"wp:term":[{"taxonomy":"category","embeddable":true,"href":"https:\/\/centralmedia.rs\/index.php\/wp-json\/wp\/v2\/categories?post=19800"},{"taxonomy":"post_tag","embeddable":true,"href":"https:\/\/centralmedia.rs\/index.php\/wp-json\/wp\/v2\/tags?post=19800"}],"curies":[{"name":"wp","href":"https:\/\/api.w.org\/{rel}","templated":true}]}}