{"id":19808,"date":"2019-08-29T20:11:52","date_gmt":"2019-08-29T20:11:52","guid":{"rendered":"http:\/\/centralmedia.rs\/?p=19808"},"modified":"2019-08-30T10:17:47","modified_gmt":"2019-08-30T10:17:47","slug":"palma-srbija-i-grcka-nekim-zemljama-trebaju-samo-kada-treba-da-rese-svoj-problem-a-kada-treba-primeniti-medunarodnu-pravdu-one-se-prave-gluve","status":"publish","type":"post","link":"https:\/\/centralmedia.rs\/index.php\/2019\/08\/29\/palma-srbija-i-grcka-nekim-zemljama-trebaju-samo-kada-treba-da-rese-svoj-problem-a-kada-treba-primeniti-medunarodnu-pravdu-one-se-prave-gluve\/","title":{"rendered":"PALMA: SRBIJA I GR\u010cKA NEKIM ZEMLJAMA TREBAJU SAMO KADA TREBA DA RE\u0160E SVOJ PROBLEM, A KADA TREBA PRIMENITI ME\u0110UNARODNU PRAVDU ONE SE PRAVE GLUVE"},"content":{"rendered":"<p>Na sastanku sa Teodorosom Karaogluom\u00a0zamenikom ministra unutra\u0161njih poslova Gr\u010dke (zadu\u017eenim za Makedoniju i Trakiju) Dragan Markovi\u0107 Palma je rekao da su nekim zemljama Srbija i Gr\u010dka bile dobre samo dok su one bile dobri doma\u0107ini azilantima. Me\u0111utim Angela Merkel se prera\u010dunala oko broja azilanata pa bi sada htela da ih vrati u zemlju porekla, \u0161to zna\u010di da bi Srbija i Gr\u010dka opet bile zemlje za tranzit azilanata. Izgleda da Srbija i Gr\u010dka trebaju nekim zemljama samo kada preko njih treba da re\u0161e svoj problem. A kada treba da se po\u0161tuje me\u0111unarodno pravo i pravda pogotovu kada je u pitanju Srbija, te dr\u017eave se prave gluve.<\/p>\n<p>Markovi\u0107 je rekao da je Gr\u010dka prijateljska zemlja Srbiji, da nije priznala nezavisnost Kosova. &#8220;Siguran sam da \u0107e Gr\u010dka podr\u017eati Srbiju i glasati protiv \u010dlanstva Kosova u INTERPOL i UNESKO i da \u0107e kao dr\u017eava \u010dlanica EU zatra\u017eiti od svojih prijatelja da u\u010dine isto&#8221; rekao je Markovi\u0107 . On je istakao da albanci svojom velikoalbanskom politikom ne ugro\u017eavaju samo Srbiju ve\u0107 i Gr\u010dku. Albanci bi da uzmu malo od Gr\u010dke, malo od Crne Gore i Severne Makedonije i mnogo od Srbije.<\/p>\n<p>Ramu\u0161 Haradinaj je pozvan u Hag u sud formiran za zlo\u010dine po\u010dinjene nad Srbima na Kosovu i Metohiji.\u00a0Dozvolili su mu da se brani \u0107utanjem. Pa nije Haradinaj optu\u017een da je ukrao traktor, ve\u0107 je optu\u017een za ubistva velikog broja srba u kojima je li\u010dno u\u010destvovao kao i za trgovinu ljudskim organima. On ima i li\u010dnu i komandnu odgovornost za zlo\u010dine nad srbima na prostoru KiM. A samo srbima je su\u0111eno po komandnoj odgovornosti. U ostalom o tome govori i Dik Marti u svojoj knjizi kao i mnogi drugi biv\u0161i me\u0111unarodni zvani\u010dnici.<\/p>\n<p>Zamenik ministra Teodoras Karaoglu se zahvalio predsedniku Markovi\u0107u zbog \u010dinjenice da iz godine u godinu sve ve\u0107i broj srpskih turista pose\u0107uje Gr\u010dku i da \u0107e u februaru uzeti u\u010de\u0161\u0107e na Sajmu turizma u Beogradu.<\/p>\n<p>Karaoglu je rekao da Gr\u010dka podr\u017eava Srbiju na evropskom putu a njegovo ministarstvo sara\u0111uje sa Srbijom najvi\u0161e kroz Intereg projekte.<\/p>\n<p>U delegaciji koju je predvodio Dragan Markovi\u0107 Palma bili su i ambasador Srbije u Gr\u010dkoj Du\u0161an Spasojevi\u0107, Dragomir Kari\u0107, narodni poslanik i zamenik predsednika Pokreta Snaga Srbije, Goran Milosavljevi\u0107 na\u010delnik Pomoravskog okruga, potpredsednici Jedinstvene Srbije Nenad Filipovi\u0107 i Dejan Mani\u0107 i Nikola Radosavljevi\u0107 predsednik Gradskog odbora Srpske napredne stranke u Jagodini.<\/p>\n","protected":false},"excerpt":{"rendered":"<p>Na sastanku sa Teodorosom Karaogluom\u00a0zamenikom ministra unutra\u0161njih poslova Gr\u010dke (zadu\u017eenim za Makedoniju i Trakiju) Dragan Markovi\u0107 Palma je rekao da su nekim zemljama Srbija i &hellip; <\/p>\n","protected":false},"author":2,"featured_media":19809,"comment_status":"open","ping_status":"open","sticky":false,"template":"","format":"standard","meta":{"footnotes":""},"categories":[13,12],"tags":[842,120],"_links":{"self":[{"href":"https:\/\/centralmedia.rs\/index.php\/wp-json\/wp\/v2\/posts\/19808"}],"collection":[{"href":"https:\/\/centralmedia.rs\/index.php\/wp-json\/wp\/v2\/posts"}],"about":[{"href":"https:\/\/centralmedia.rs\/index.php\/wp-json\/wp\/v2\/types\/post"}],"author":[{"embeddable":true,"href":"https:\/\/centralmedia.rs\/index.php\/wp-json\/wp\/v2\/users\/2"}],"replies":[{"embeddable":true,"href":"https:\/\/centralmedia.rs\/index.php\/wp-json\/wp\/v2\/comments?post=19808"}],"version-history":[{"count":1,"href":"https:\/\/centralmedia.rs\/index.php\/wp-json\/wp\/v2\/posts\/19808\/revisions"}],"predecessor-version":[{"id":19810,"href":"https:\/\/centralmedia.rs\/index.php\/wp-json\/wp\/v2\/posts\/19808\/revisions\/19810"}],"wp:featuredmedia":[{"embeddable":true,"href":"https:\/\/centralmedia.rs\/index.php\/wp-json\/wp\/v2\/media\/19809"}],"wp:attachment":[{"href":"https:\/\/centralmedia.rs\/index.php\/wp-json\/wp\/v2\/media?parent=19808"}],"wp:term":[{"taxonomy":"category","embeddable":true,"href":"https:\/\/centralmedia.rs\/index.php\/wp-json\/wp\/v2\/categories?post=19808"},{"taxonomy":"post_tag","embeddable":true,"href":"https:\/\/centralmedia.rs\/index.php\/wp-json\/wp\/v2\/tags?post=19808"}],"curies":[{"name":"wp","href":"https:\/\/api.w.org\/{rel}","templated":true}]}}