{"id":19811,"date":"2019-08-29T20:19:36","date_gmt":"2019-08-29T20:19:36","guid":{"rendered":"http:\/\/centralmedia.rs\/?p=19811"},"modified":"2019-09-05T12:16:12","modified_gmt":"2019-09-05T12:16:12","slug":"posle-rekonstrukcije-vredne-470-miliona-dinara-otvaranje-os-jovan-jovanovic-zmaj-u-svilajncu","status":"publish","type":"post","link":"https:\/\/centralmedia.rs\/index.php\/2019\/08\/29\/posle-rekonstrukcije-vredne-470-miliona-dinara-otvaranje-os-jovan-jovanovic-zmaj-u-svilajncu\/","title":{"rendered":"POSLE REKONSTRUKCIJE VREDNE 470 MILIONA DINARA &#8211; OTVARANJE O\u0160 \u201eJOVAN JOVANOVI\u0106 ZMAJ\u201c U SVILAJNCU"},"content":{"rendered":"<p>SVILAJNAC- Posle temeljne rekonstrukcije vredne 470 miliona dinara u subotu se sve\u010dano otvara Osnovna \u0161kola \u201eJovan Jovanovi\u0107 Zmaj\u201c u Svilajncu, a posle toga bi\u0107e postavljen kamen temeljac za izgradnju nove sportske sale u Srednjoj \u0161koli \u201eSvilajnac\u201c. Prisutnima \u0107e se obratiti Predrag Milanovi\u0107, predsednik Op\u0161tine Svilajnac, Mladen \u0160ar\u010devi\u0107, ministar prosvete, nauke i tehnolo\u0161kog razvoja i Marko Blagojevi\u0107, direktor Kancelarije za upravljanje javnim ulaganjima Vlade Republike Srbije.<\/p>\n<div id='gallery-1' class='gallery galleryid-19811 gallery-columns-3 gallery-size-full'><figure class='gallery-item'>\n\t\t\t<div class='gallery-icon portrait'>\n\t\t\t\t<a href='https:\/\/centralmedia.rs\/index.php\/2019\/08\/29\/posle-rekonstrukcije-vredne-470-miliona-dinara-otvaranje-os-jovan-jovanovic-zmaj-u-svilajncu\/jj-zmaj1\/'><img loading=\"lazy\" decoding=\"async\" width=\"640\" height=\"960\" src=\"https:\/\/centralmedia.rs\/wp-content\/uploads\/2019\/08\/jj-zmaj1.jpg\" class=\"attachment-full size-full\" alt=\"\" srcset=\"https:\/\/centralmedia.rs\/wp-content\/uploads\/2019\/08\/jj-zmaj1.jpg 640w, https:\/\/centralmedia.rs\/wp-content\/uploads\/2019\/08\/jj-zmaj1-200x300.jpg 200w, https:\/\/centralmedia.rs\/wp-content\/uploads\/2019\/08\/jj-zmaj1-280x420.jpg 280w\" sizes=\"(max-width: 640px) 100vw, 640px\" \/><\/a>\n\t\t\t<\/div><\/figure><figure class='gallery-item'>\n\t\t\t<div class='gallery-icon portrait'>\n\t\t\t\t<a href='https:\/\/centralmedia.rs\/index.php\/2019\/08\/29\/posle-rekonstrukcije-vredne-470-miliona-dinara-otvaranje-os-jovan-jovanovic-zmaj-u-svilajncu\/jj-zmaj2\/'><img loading=\"lazy\" decoding=\"async\" width=\"640\" height=\"960\" src=\"https:\/\/centralmedia.rs\/wp-content\/uploads\/2019\/08\/jj-zmaj2.jpg\" class=\"attachment-full size-full\" alt=\"\" srcset=\"https:\/\/centralmedia.rs\/wp-content\/uploads\/2019\/08\/jj-zmaj2.jpg 640w, https:\/\/centralmedia.rs\/wp-content\/uploads\/2019\/08\/jj-zmaj2-200x300.jpg 200w, https:\/\/centralmedia.rs\/wp-content\/uploads\/2019\/08\/jj-zmaj2-280x420.jpg 280w\" sizes=\"(max-width: 640px) 100vw, 640px\" \/><\/a>\n\t\t\t<\/div><\/figure><figure class='gallery-item'>\n\t\t\t<div class='gallery-icon portrait'>\n\t\t\t\t<a href='https:\/\/centralmedia.rs\/index.php\/2019\/08\/29\/posle-rekonstrukcije-vredne-470-miliona-dinara-otvaranje-os-jovan-jovanovic-zmaj-u-svilajncu\/jj-zmaj3\/'><img loading=\"lazy\" decoding=\"async\" width=\"640\" height=\"960\" src=\"https:\/\/centralmedia.rs\/wp-content\/uploads\/2019\/08\/jj-zmaj3.jpg\" class=\"attachment-full size-full\" alt=\"\" srcset=\"https:\/\/centralmedia.rs\/wp-content\/uploads\/2019\/08\/jj-zmaj3.jpg 640w, https:\/\/centralmedia.rs\/wp-content\/uploads\/2019\/08\/jj-zmaj3-200x300.jpg 200w, https:\/\/centralmedia.rs\/wp-content\/uploads\/2019\/08\/jj-zmaj3-280x420.jpg 280w\" sizes=\"(max-width: 640px) 100vw, 640px\" \/><\/a>\n\t\t\t<\/div><\/figure>\n\t\t<\/div>\n\n<p>Rekonstrukcija O.\u0160 \u201cJovan Jovanovi\u0107 Zmaj\u201d zavr\u0161ena je u predvi\u0111enom roku i vi\u0161e od 1.000 osnovaca krenu\u0107e u novu \u0161kolsku godinu u potpuno obnovljenoj \u0161koli. Radovi na \u0161kolskoj zgradi, koja je izgra\u0111ena 1960. godine, obuhvatili su spoljno i unutra\u0161nje ure\u0111enje, radove na pobolj\u0161anju energetske efikasnosti zgrade, kompletnu zamenu stolarije, prilago\u0111avanje objekta osobama sa invaliditetom, zamenu krovne konstrukcije i krovnog pokriva\u010da, zamenu podnih obloga, zamenu rasvete, nove telekomunikacione, signalne, ma\u0161inske, vodovodne i kanalizacione instalacije, zamenu sanitarija, novu kuhinju i trpezariju, nabavku kompletnog \u0161kolskog name\u0161taja i savremenih u\u010dila, kao i rekonstrukciju fiskulturne sale i sportskih terena. Sredstva za rekonstrukciju \u0161kole i nabavku opreme, u ukupnoj vrednosti od blizu 470 miliona dinara, obezbedili su Kancelarija za upravljanje javnim ulaganjima, Ministarstvo prosvete, nauke i tehnolo\u0161kog razvoja i Op\u0161tina Svilajnac.<\/p>\n<p>U Svilajncu je zavr\u0161ena i detaljna rekonstrukcija isturenih odeljenja Osnovne \u0161kole \u201eJovan Jovanovi\u0107 Zmaj\u201c u Glo\u017eanu, Dubnici i Grabovcu, i po\u010dela rekonstrukcija \u0161kole u Bobovu. Ukupna vrednost ovih radova koji su u celini finansirani sredstvima lokalne samouprave, prema\u0161uju 44 miliona dinara.<\/p>\n<p>Izgradnjom fiskulturne sale za Srednju \u0161kolu \u201eSvilajnac\u201c, bi\u0107e zaokru\u017een ciklus kapitalnog ulaganja u obrazovne institucije na teritoriji svilajna\u010dke op\u0161tine. Izgradnju sportske sale, povr\u0161ine 952 kvadrata, sa 94 miliona dinara finansira\u0107e Ministarstvo prosvete, nauke i tehnolo\u0161kog razvoja.<\/p>\n","protected":false},"excerpt":{"rendered":"<p>SVILAJNAC- Posle temeljne rekonstrukcije vredne 470 miliona dinara u subotu se sve\u010dano otvara Osnovna \u0161kola \u201eJovan Jovanovi\u0107 Zmaj\u201c u Svilajncu, a posle toga bi\u0107e postavljen &hellip; <\/p>\n","protected":false},"author":2,"featured_media":19812,"comment_status":"open","ping_status":"open","sticky":false,"template":"","format":"standard","meta":{"footnotes":""},"categories":[14,1524,2,887,12,1517],"tags":[3988,1280,563],"_links":{"self":[{"href":"https:\/\/centralmedia.rs\/index.php\/wp-json\/wp\/v2\/posts\/19811"}],"collection":[{"href":"https:\/\/centralmedia.rs\/index.php\/wp-json\/wp\/v2\/posts"}],"about":[{"href":"https:\/\/centralmedia.rs\/index.php\/wp-json\/wp\/v2\/types\/post"}],"author":[{"embeddable":true,"href":"https:\/\/centralmedia.rs\/index.php\/wp-json\/wp\/v2\/users\/2"}],"replies":[{"embeddable":true,"href":"https:\/\/centralmedia.rs\/index.php\/wp-json\/wp\/v2\/comments?post=19811"}],"version-history":[{"count":1,"href":"https:\/\/centralmedia.rs\/index.php\/wp-json\/wp\/v2\/posts\/19811\/revisions"}],"predecessor-version":[{"id":19816,"href":"https:\/\/centralmedia.rs\/index.php\/wp-json\/wp\/v2\/posts\/19811\/revisions\/19816"}],"wp:featuredmedia":[{"embeddable":true,"href":"https:\/\/centralmedia.rs\/index.php\/wp-json\/wp\/v2\/media\/19812"}],"wp:attachment":[{"href":"https:\/\/centralmedia.rs\/index.php\/wp-json\/wp\/v2\/media?parent=19811"}],"wp:term":[{"taxonomy":"category","embeddable":true,"href":"https:\/\/centralmedia.rs\/index.php\/wp-json\/wp\/v2\/categories?post=19811"},{"taxonomy":"post_tag","embeddable":true,"href":"https:\/\/centralmedia.rs\/index.php\/wp-json\/wp\/v2\/tags?post=19811"}],"curies":[{"name":"wp","href":"https:\/\/api.w.org\/{rel}","templated":true}]}}