{"id":19823,"date":"2019-08-29T21:10:28","date_gmt":"2019-08-29T21:10:28","guid":{"rendered":"http:\/\/centralmedia.rs\/?p=19823"},"modified":"2019-09-05T12:16:40","modified_gmt":"2019-09-05T12:16:40","slug":"zavrseno-leto-2019-u-cupriji-kabare-da-to-su-bili-dani-za-veliko-finale","status":"publish","type":"post","link":"https:\/\/centralmedia.rs\/index.php\/2019\/08\/29\/zavrseno-leto-2019-u-cupriji-kabare-da-to-su-bili-dani-za-veliko-finale\/","title":{"rendered":"ZAVR\u0160ENO LETO 2019. U \u0106UPRIJI &#8211; KABARE ,,DA, TO SU BILI DANI&#8221; ZA VELIKO FINALE"},"content":{"rendered":"<p>\u0106URPIJA- Kabareom ,,Da, to su bili dani&#8221; u Moravskom parku zavr\u0161eno je \u0107uprijsko Leto 2019. U, do poslednjeg mesta ispunjenom, \u00a0\u00a0amfiteatru Moravskog parka kabare, predvo\u0111en Borisom Pingovi\u0107em i Neboj\u0161om Dugali\u0107em, doneo je iskrene emocije, pozitivne vibracije i sjajno odabranu i izvedenu muziku. Iako su prvi put u \u0106upriji i slave 15 godina izvo\u0111enja kabare, oni su publici preneli najlep\u0161e emocije, \u0161to je i razlog za trajanje i igranje kabare vi\u0161e od 300 puta.Na repertoaru su bile nuemre Bitlsa, Bala\u0161evi\u0107a, Boba Dilana, Bjelog Dugmeta, Arsena Dedi\u0107a, Vaya Con Dios\u2026Posebno \u0107e ostai upam\u0107eni zvuci okarine, &#8220;par\u010deta zemlje&#8221;, koja nam je u rukama Neboj\u0161e Dugali\u0107a pribli\u017eila dolinu Vardara, kao i Pingovi\u0107ev gitarski solo u legendarnoj pesmi &#8220;Bluz u parku&#8221; grupe Smak. Odmeren humor, \u00a0odabrani stihovi, dva bisa i stoje\u0107i aplauz govore o posebnoj vrsti veze koju samo sinergija izvo\u0111a\u010da, ambijenta i publike mo\u017ee da stvori.<\/p>\n<p><img loading=\"lazy\" decoding=\"async\" class=\"alignnone wp-image-19825 size-large\" src=\"http:\/\/centralmedia.rs\/wp-content\/uploads\/2019\/08\/kabare-1024x684.jpg\" alt=\"\" width=\"640\" height=\"428\" srcset=\"https:\/\/centralmedia.rs\/wp-content\/uploads\/2019\/08\/kabare-1024x684.jpg 1024w, https:\/\/centralmedia.rs\/wp-content\/uploads\/2019\/08\/kabare-300x201.jpg 300w, https:\/\/centralmedia.rs\/wp-content\/uploads\/2019\/08\/kabare-768x513.jpg 768w, https:\/\/centralmedia.rs\/wp-content\/uploads\/2019\/08\/kabare-628x420.jpg 628w, https:\/\/centralmedia.rs\/wp-content\/uploads\/2019\/08\/kabare-537x360.jpg 537w, https:\/\/centralmedia.rs\/wp-content\/uploads\/2019\/08\/kabare-640x428.jpg 640w, https:\/\/centralmedia.rs\/wp-content\/uploads\/2019\/08\/kabare-681x455.jpg 681w, https:\/\/centralmedia.rs\/wp-content\/uploads\/2019\/08\/kabare.jpg 1870w\" sizes=\"(max-width: 640px) 100vw, 640px\" \/><\/p>\n","protected":false},"excerpt":{"rendered":"<p>\u0106URPIJA- Kabareom ,,Da, to su bili dani&#8221; u Moravskom parku zavr\u0161eno je \u0107uprijsko Leto 2019. U, do poslednjeg mesta ispunjenom, \u00a0\u00a0amfiteatru Moravskog parka kabare, predvo\u0111en &hellip; <\/p>\n","protected":false},"author":2,"featured_media":19824,"comment_status":"open","ping_status":"open","sticky":false,"template":"","format":"standard","meta":{"footnotes":""},"categories":[1515,1524,2,15,887,12],"tags":[3992,44,1041,3991],"_links":{"self":[{"href":"https:\/\/centralmedia.rs\/index.php\/wp-json\/wp\/v2\/posts\/19823"}],"collection":[{"href":"https:\/\/centralmedia.rs\/index.php\/wp-json\/wp\/v2\/posts"}],"about":[{"href":"https:\/\/centralmedia.rs\/index.php\/wp-json\/wp\/v2\/types\/post"}],"author":[{"embeddable":true,"href":"https:\/\/centralmedia.rs\/index.php\/wp-json\/wp\/v2\/users\/2"}],"replies":[{"embeddable":true,"href":"https:\/\/centralmedia.rs\/index.php\/wp-json\/wp\/v2\/comments?post=19823"}],"version-history":[{"count":1,"href":"https:\/\/centralmedia.rs\/index.php\/wp-json\/wp\/v2\/posts\/19823\/revisions"}],"predecessor-version":[{"id":19826,"href":"https:\/\/centralmedia.rs\/index.php\/wp-json\/wp\/v2\/posts\/19823\/revisions\/19826"}],"wp:featuredmedia":[{"embeddable":true,"href":"https:\/\/centralmedia.rs\/index.php\/wp-json\/wp\/v2\/media\/19824"}],"wp:attachment":[{"href":"https:\/\/centralmedia.rs\/index.php\/wp-json\/wp\/v2\/media?parent=19823"}],"wp:term":[{"taxonomy":"category","embeddable":true,"href":"https:\/\/centralmedia.rs\/index.php\/wp-json\/wp\/v2\/categories?post=19823"},{"taxonomy":"post_tag","embeddable":true,"href":"https:\/\/centralmedia.rs\/index.php\/wp-json\/wp\/v2\/tags?post=19823"}],"curies":[{"name":"wp","href":"https:\/\/api.w.org\/{rel}","templated":true}]}}