{"id":19838,"date":"2019-08-30T17:34:11","date_gmt":"2019-08-30T17:34:11","guid":{"rendered":"http:\/\/centralmedia.rs\/?p=19838"},"modified":"2019-09-05T12:17:07","modified_gmt":"2019-09-05T12:17:07","slug":"odbornici-so-paracin-omogucili-prevazilazenje-krize-u-sistemu-socijalne-zastite","status":"publish","type":"post","link":"https:\/\/centralmedia.rs\/index.php\/2019\/08\/30\/odbornici-so-paracin-omogucili-prevazilazenje-krize-u-sistemu-socijalne-zastite\/","title":{"rendered":"ODBORNICI SO PARA\u0106IN OMOGU\u0106ILI PREVAZILA\u017dENJE KRIZE U SISTEMU SOCIJALNE ZA\u0160TITE"},"content":{"rendered":"<p>PARA\u0106IN- Odbornici SO Para\u0107in danas su usvojili Odluku da \u0107e izostajanje odgovora nadle\u017enog Ministarstva za imenovanje direktora ili vd direktora Centra za socijalni rad smatrati \u0107utanjem administracije i tuma\u010diti kao da je saglasnost na predlog data, ako odgovor Ministarstva ne stigne u roku od 30 dana. Odbornici SNS smatrali su da SO ne mo\u017ee da donosi ovakve odluke, jer to pravno pitanje, ali da nije sporno da SO postavi direktora bez te saglasnosti, jer smatra da je postojalo \u0107utanje uprave. Predsednik SO Dragan Miti\u0107 je u odgovoru istakao da nema druge mogu\u0107nosti.<\/p>\n<p>&#8211; Nemamo druge mogu\u0107nosti kako bi se izbegle fatalne posledice koje proizilaze zbog \u0107utanja ministra, smatramo da re\u0161enje nije najsre\u0107nije. Me\u0111utim, olak\u0161avaju\u0107a okolnost je da je ministar izjavio da mi to mo\u017eemo i treba da uradimo, tako da \u0107emo se pozvati na ministra ako budu do\u0161li da hapse. Jutros je dr\u017eavni sekretar to rekao da to treba tako da uradimo, pa kada neko bude trebao da ide u centar za mu\u010denje u Kraljevu mo\u0107i\u0107e da se pozove na te izjave, rekao je Miti\u0107.<\/p>\n<p>U nastavku sednice odbornici su razre\u0161ili funkcije direktorku Centra za socijalni rad. Kriza sistema socijalne za\u0161tine u Para\u0107ina kulmirala je proteklih mesec i po dana, od kada je Centar bez direktora, \u0161to se odrazilo na rad Doma u Izvoru, Dnevni boravak za decu ometenu u razvoju i Klub penzionera, kao i upravu i zaposlene jer zarade i naknade hraniteljima nisu ispla\u0107ene. U tom Centaru godi\u0161nje oko 10.500 korisnika dobije neku od usluga socijalne za\u0161tite.\u00a0Naredna sednica SO zakazana je za 3. septembar<\/p>\n","protected":false},"excerpt":{"rendered":"<p>PARA\u0106IN- Odbornici SO Para\u0107in danas su usvojili Odluku da \u0107e izostajanje odgovora nadle\u017enog Ministarstva za imenovanje direktora ili vd direktora Centra za socijalni rad smatrati &hellip; <\/p>\n","protected":false},"author":2,"featured_media":19764,"comment_status":"open","ping_status":"open","sticky":false,"template":"","format":"standard","meta":{"footnotes":""},"categories":[1524,2,1516,13,887,12],"tags":[3993,3994,1973],"_links":{"self":[{"href":"https:\/\/centralmedia.rs\/index.php\/wp-json\/wp\/v2\/posts\/19838"}],"collection":[{"href":"https:\/\/centralmedia.rs\/index.php\/wp-json\/wp\/v2\/posts"}],"about":[{"href":"https:\/\/centralmedia.rs\/index.php\/wp-json\/wp\/v2\/types\/post"}],"author":[{"embeddable":true,"href":"https:\/\/centralmedia.rs\/index.php\/wp-json\/wp\/v2\/users\/2"}],"replies":[{"embeddable":true,"href":"https:\/\/centralmedia.rs\/index.php\/wp-json\/wp\/v2\/comments?post=19838"}],"version-history":[{"count":4,"href":"https:\/\/centralmedia.rs\/index.php\/wp-json\/wp\/v2\/posts\/19838\/revisions"}],"predecessor-version":[{"id":19842,"href":"https:\/\/centralmedia.rs\/index.php\/wp-json\/wp\/v2\/posts\/19838\/revisions\/19842"}],"wp:featuredmedia":[{"embeddable":true,"href":"https:\/\/centralmedia.rs\/index.php\/wp-json\/wp\/v2\/media\/19764"}],"wp:attachment":[{"href":"https:\/\/centralmedia.rs\/index.php\/wp-json\/wp\/v2\/media?parent=19838"}],"wp:term":[{"taxonomy":"category","embeddable":true,"href":"https:\/\/centralmedia.rs\/index.php\/wp-json\/wp\/v2\/categories?post=19838"},{"taxonomy":"post_tag","embeddable":true,"href":"https:\/\/centralmedia.rs\/index.php\/wp-json\/wp\/v2\/tags?post=19838"}],"curies":[{"name":"wp","href":"https:\/\/api.w.org\/{rel}","templated":true}]}}