{"id":1985,"date":"2016-01-29T17:13:48","date_gmt":"2016-01-29T17:13:48","guid":{"rendered":"http:\/\/centralmedia.rs\/?p=1985"},"modified":"2016-01-29T17:13:48","modified_gmt":"2016-01-29T17:13:48","slug":"nastavljeno-sudenje-majoru-vinku-znidarsicu","status":"publish","type":"post","link":"https:\/\/centralmedia.rs\/index.php\/2016\/01\/29\/nastavljeno-sudenje-majoru-vinku-znidarsicu\/","title":{"rendered":"NASTAVLJENO SU\u0110ENJE MAJORU VINKU \u017dNIDAR\u0160I\u0106U"},"content":{"rendered":"<p>JAGODINA-Pred Vi\u0161im sudom u Jagodini saslu\u0161anjem svedoka u petak je nastavljen sudski postupak protiv  majora Vojske Srbije Vinka \u017dnidar\u0161i\u0107a  koga tu\u017eila\u0161tvo tereti zbog tragedidje na poligonu Pasuljanske lidvade, odnosno za  krivi\u010dno delo nepreduzimanje mera za obezbe\u0111enje vojne jedinice.<br \/>\n-Posle  eksplozije prvi je reagovao major \u017dnidar\u0161i\u0107, odvojio je kadete u grupe i organizovao pomo\u0107. Pre po\u010detka ve\u017ebe major je izneo mere bezbednosti i obilazio nas za vreme izvr\u0161avanja zadatka. Smatrala sam da kadet Milosavljevi\u0107 zna postupak pri pronalasku neeksplodiranog eksplozivnog sredstva, te nikog nisam obavestila o tome, kazala je svedok Anja Smiljani\u0107, koja je bila u grupi kadeta<br \/>\n Nesre\u0107a se dogodila na poligonu Pasuljanske livade 18. juna 2012. godine na pripremama za vojnu ve\u017ebu &#8220;Diplomac 2012&#8221;, kada su od gelera granate poginuli kadeti Vojne akademije Filip Milojevi\u0107 (24) iz Gornje Trnave kod Topole i Milina Mileti\u0107 (23) iz Gornjeg Milanovca, a jo\u0161 petoro je povre\u0111eno.<br \/>\n-Neekslodirano ubojno sredstvo ne mo\u017ee da se na\u0111e unutar logorske prostorije za sme\u0161taj ljudstva, koju sam predao oficiru \u017deljku Novovi\u0107u. Eksplozija se dogodila 150 do 200 metar dalje od tog prostora,  rekao je vodnik Ivica Stanojevi\u0107, koji obavlja poslove medicinskog tehni\u010dara na poligonu.<br \/>\nSu\u0111enje \u017dnidar\u0161i\u0107u se nastavlja 8 aprila, a predlo\u017eeno je saslu\u0161anje kadeta koji su se na\u0161li u momentu eksplozije na tom mestu.  \u010cetvorica biv\u0161ih kadeta M.K iz Hajdu\u010dice kod Plandi\u0161ta, N.G. iz Prnjavora, M.M. iz Aleksinca i S. M. iz Novog Sada terete se da su izvr\u0161ili te\u0161ko delo protiv op\u0161te sigurnosti i njima je po\u010delo su\u0111enje u  Osnovnom sudu u Despotovcu.<br \/>\n\t-Hendikep sudskog postupka je \u0161to je su\u0111enje razdovojeno i \u0161to se ne vodi jedinstven postupak, rekao je tu\u017eilac Milomir Vasi\u0107.<br \/>\nTu\u017eila\u0161tvo je posle tragedije saop\u0161tilo da se sumnja da su kadeti N.G. i M.M. prilikom iskopa zemlje u neposrednoj blizini mesta izvo\u0111enja ve\u017ebe, prona\u0161li jednu ispaljenu, a neeksplodiranu granatu kalibra 30 milimetra. Tu granatu su zatim doneli na mesto rada svoje grupe, gde su je razmenjivali sa kadetima, S.M. i pokojnim Filipom Milojevi\u0107em, da bi u jednom trenutku S.M. granatu spustio na zemlju. Pri\u0161ao im je kadet M.K. i nogom \u0161utnuo granatu koja je od njih odletela nekoliko metara, nakon \u010dega je eksplodirala.<\/p>\n","protected":false},"excerpt":{"rendered":"<p>JAGODINA-Pred Vi\u0161im sudom u Jagodini saslu\u0161anjem svedoka u petak je nastavljen sudski postupak protiv majora Vojske Srbije Vinka \u017dnidar\u0161i\u0107a koga tu\u017eila\u0161tvo tereti zbog tragedidje na &hellip; <\/p>\n","protected":false},"author":4,"featured_media":1986,"comment_status":"open","ping_status":"open","sticky":false,"template":"","format":"standard","meta":{"footnotes":""},"categories":[20,2,12],"tags":[58,505,503,504],"_links":{"self":[{"href":"https:\/\/centralmedia.rs\/index.php\/wp-json\/wp\/v2\/posts\/1985"}],"collection":[{"href":"https:\/\/centralmedia.rs\/index.php\/wp-json\/wp\/v2\/posts"}],"about":[{"href":"https:\/\/centralmedia.rs\/index.php\/wp-json\/wp\/v2\/types\/post"}],"author":[{"embeddable":true,"href":"https:\/\/centralmedia.rs\/index.php\/wp-json\/wp\/v2\/users\/4"}],"replies":[{"embeddable":true,"href":"https:\/\/centralmedia.rs\/index.php\/wp-json\/wp\/v2\/comments?post=1985"}],"version-history":[{"count":0,"href":"https:\/\/centralmedia.rs\/index.php\/wp-json\/wp\/v2\/posts\/1985\/revisions"}],"wp:featuredmedia":[{"embeddable":true,"href":"https:\/\/centralmedia.rs\/index.php\/wp-json\/wp\/v2\/media\/1986"}],"wp:attachment":[{"href":"https:\/\/centralmedia.rs\/index.php\/wp-json\/wp\/v2\/media?parent=1985"}],"wp:term":[{"taxonomy":"category","embeddable":true,"href":"https:\/\/centralmedia.rs\/index.php\/wp-json\/wp\/v2\/categories?post=1985"},{"taxonomy":"post_tag","embeddable":true,"href":"https:\/\/centralmedia.rs\/index.php\/wp-json\/wp\/v2\/tags?post=1985"}],"curies":[{"name":"wp","href":"https:\/\/api.w.org\/{rel}","templated":true}]}}