{"id":19855,"date":"2019-08-31T15:04:51","date_gmt":"2019-08-31T15:04:51","guid":{"rendered":"http:\/\/centralmedia.rs\/?p=19855"},"modified":"2019-09-05T12:17:27","modified_gmt":"2019-09-05T12:17:27","slug":"ulaganje-svilajnca-u-buduce-generacije-investicije-u-prosveti-45-miliona-evra","status":"publish","type":"post","link":"https:\/\/centralmedia.rs\/index.php\/2019\/08\/31\/ulaganje-svilajnca-u-buduce-generacije-investicije-u-prosveti-45-miliona-evra\/","title":{"rendered":"ULAGANJE SVILAJNCA U BUDU\u0106E GENERACIJE &#8211; INVESTICIJE U PROSVETI 4,5 MILIONA EVRA"},"content":{"rendered":"<p>SVILAJNAC- Ne\u0107emo da prestanemo sa finansiranjem ovih projekata dok svako dete u Svilajncu ne bude imalo uslova da u\u010di i bude u prostoru kakav je u O\u0160 JJ Zmaj, izjavio je danas predsednik te op\u0161tine Predrag Milanovi\u0107 povodom obele\u017eavanja zavr\u0161etka radova na toj osnovnoj \u0161koli i polaganja kamena temeljca za izgradnju sportske sale u Srednjoj \u0161koli. U rekonstrukciju O\u0160 JJ Zmaj ulo\u017eeno je oko 3 miliona evra, dok \u0107e \u00a0izgradnja sale povr\u0161ine 952 kvadrata ko\u0161tati 94 miliona dinara. U toku su radovi na \u0161kolskim objektima u 4 sela, vredni 75 miliona dinara. Zahvalnice O\u0160 JJ Zmaj \u0161kole su uru\u010dene Milanovi\u0107u, Marku Blagojevi\u0107u i \u00a0Marku Milenkovi\u0107u.<\/p>\n<p>&#8211; Danas je po\u010detak nove \u0161kolske godine kraj velikog projekta rekonstrukcije \u0161kole O\u0160 JJ Zmaj i danas smo po\u010deli novi projekat u Srednjoj \u0161koli posle nekoliko decenija, tako da \u0107e spotska sala biti zavr\u0161ena do po\u010detka naredne \u0161kolske godine. Predhodno su, zahvaljuju\u0107i Kancelariji za javna ulaganja, \u00a0prosvetni objekti Srednje \u0161kole rekonstruisani. Posle zarv\u0161etka sale ne\u0107e morati da tra\u017eimo podr\u0161ku dr\u017eave ili me\u0111unarodnih institucija, ve\u0107 \u0107e op\u0161tina ulagati u odr\u017eavanje, rekao je Milanovi\u0107.<\/p>\n<div id='gallery-1' class='gallery galleryid-19855 gallery-columns-7 gallery-size-thumbnail'><figure class='gallery-item'>\n\t\t\t<div class='gallery-icon landscape'>\n\t\t\t\t<a href='https:\/\/centralmedia.rs\/index.php\/2019\/08\/31\/ulaganje-svilajnca-u-buduce-generacije-investicije-u-prosveti-45-miliona-evra\/skoal6\/'><img loading=\"lazy\" decoding=\"async\" width=\"150\" height=\"150\" src=\"https:\/\/centralmedia.rs\/wp-content\/uploads\/2019\/08\/skoal6-150x150.jpg\" class=\"attachment-thumbnail size-thumbnail\" alt=\"\" \/><\/a>\n\t\t\t<\/div><\/figure><figure class='gallery-item'>\n\t\t\t<div class='gallery-icon landscape'>\n\t\t\t\t<a href='https:\/\/centralmedia.rs\/index.php\/2019\/08\/31\/ulaganje-svilajnca-u-buduce-generacije-investicije-u-prosveti-45-miliona-evra\/skoal7\/'><img loading=\"lazy\" decoding=\"async\" width=\"150\" height=\"150\" src=\"https:\/\/centralmedia.rs\/wp-content\/uploads\/2019\/08\/skoal7-150x150.jpg\" class=\"attachment-thumbnail size-thumbnail\" alt=\"\" \/><\/a>\n\t\t\t<\/div><\/figure><figure class='gallery-item'>\n\t\t\t<div class='gallery-icon landscape'>\n\t\t\t\t<a href='https:\/\/centralmedia.rs\/index.php\/2019\/08\/31\/ulaganje-svilajnca-u-buduce-generacije-investicije-u-prosveti-45-miliona-evra\/skoal8\/'><img loading=\"lazy\" decoding=\"async\" width=\"150\" height=\"150\" src=\"https:\/\/centralmedia.rs\/wp-content\/uploads\/2019\/08\/skoal8-150x150.jpg\" class=\"attachment-thumbnail size-thumbnail\" alt=\"\" \/><\/a>\n\t\t\t<\/div><\/figure><figure class='gallery-item'>\n\t\t\t<div class='gallery-icon landscape'>\n\t\t\t\t<a href='https:\/\/centralmedia.rs\/index.php\/2019\/08\/31\/ulaganje-svilajnca-u-buduce-generacije-investicije-u-prosveti-45-miliona-evra\/skoal9\/'><img loading=\"lazy\" decoding=\"async\" width=\"150\" height=\"150\" src=\"https:\/\/centralmedia.rs\/wp-content\/uploads\/2019\/08\/skoal9-150x150.jpg\" class=\"attachment-thumbnail size-thumbnail\" alt=\"\" \/><\/a>\n\t\t\t<\/div><\/figure><figure class='gallery-item'>\n\t\t\t<div class='gallery-icon landscape'>\n\t\t\t\t<a href='https:\/\/centralmedia.rs\/index.php\/2019\/08\/31\/ulaganje-svilajnca-u-buduce-generacije-investicije-u-prosveti-45-miliona-evra\/skola-13\/'><img loading=\"lazy\" decoding=\"async\" width=\"150\" height=\"150\" src=\"https:\/\/centralmedia.rs\/wp-content\/uploads\/2019\/08\/skola-150x150.jpg\" class=\"attachment-thumbnail size-thumbnail\" alt=\"\" \/><\/a>\n\t\t\t<\/div><\/figure><figure class='gallery-item'>\n\t\t\t<div class='gallery-icon landscape'>\n\t\t\t\t<a href='https:\/\/centralmedia.rs\/index.php\/2019\/08\/31\/ulaganje-svilajnca-u-buduce-generacije-investicije-u-prosveti-45-miliona-evra\/skola1-2\/'><img loading=\"lazy\" decoding=\"async\" width=\"150\" height=\"150\" src=\"https:\/\/centralmedia.rs\/wp-content\/uploads\/2019\/08\/skola1-150x150.jpg\" class=\"attachment-thumbnail size-thumbnail\" alt=\"\" \/><\/a>\n\t\t\t<\/div><\/figure><figure class='gallery-item'>\n\t\t\t<div class='gallery-icon landscape'>\n\t\t\t\t<a href='https:\/\/centralmedia.rs\/index.php\/2019\/08\/31\/ulaganje-svilajnca-u-buduce-generacije-investicije-u-prosveti-45-miliona-evra\/skola2-2\/'><img loading=\"lazy\" decoding=\"async\" width=\"150\" height=\"150\" src=\"https:\/\/centralmedia.rs\/wp-content\/uploads\/2019\/08\/skola2-150x150.jpg\" class=\"attachment-thumbnail size-thumbnail\" alt=\"\" \/><\/a>\n\t\t\t<\/div><\/figure>\n\t\t<\/div>\n\n<p>Dr\u017eavni sekretar Ministarstva prosvete Marko Milenkovi\u0107 rekao je da zadovoljstvo obilazti Srbiju i gledati ,,plodove&#8221; rada, jer su utoku radovi na 180 objekata \u0161irom zemlje, te podsetio da je to ministarstvo ulo\u017eilo u izgradnju objekta u Poljoprivredno-veterinarskoj \u0161koli 170 miliona dinara.<\/p>\n<p>&#8211; Kancelarija je ulo\u017eila preko 300 miliona dinara, lokalna samouprava je preko 20 miliona ulo\u017eila u opremanje i Ministartvo 5 miliona. Re\u010d je o investiciji od blizu 3 miliona evra da bi O\u0160 JJ Zmaj danas bila jedna od najsavremenijih i najopremljenijih u Srbiji, po svim standaradnima. Za pet godina, od kada je Kancelarija osnovana, uradili smo velike stvari u Svilajncu, veliki broj javnih objekata i projekata su realizovani, nastavljamo sve dok bude dobrih projekata da ih finansiramo. Svilajnac je me\u0111u op\u0161tinam sa kojima Kancelarija ima najbolju saradnju i primer kakvi su projekti realizovani od ambulanti do \u0161kola, rekao je Blagojevi\u0107, direktor Kancelarije.<\/p>\n<div id='gallery-2' class='gallery galleryid-19855 gallery-columns-7 gallery-size-thumbnail'><figure class='gallery-item'>\n\t\t\t<div class='gallery-icon landscape'>\n\t\t\t\t<a href='https:\/\/centralmedia.rs\/index.php\/2019\/08\/31\/ulaganje-svilajnca-u-buduce-generacije-investicije-u-prosveti-45-miliona-evra\/skola4\/'><img loading=\"lazy\" decoding=\"async\" width=\"150\" height=\"150\" src=\"https:\/\/centralmedia.rs\/wp-content\/uploads\/2019\/08\/skola4-150x150.jpg\" class=\"attachment-thumbnail size-thumbnail\" alt=\"\" \/><\/a>\n\t\t\t<\/div><\/figure><figure class='gallery-item'>\n\t\t\t<div class='gallery-icon landscape'>\n\t\t\t\t<a href='https:\/\/centralmedia.rs\/index.php\/2019\/08\/31\/ulaganje-svilajnca-u-buduce-generacije-investicije-u-prosveti-45-miliona-evra\/skola5\/'><img loading=\"lazy\" decoding=\"async\" width=\"150\" height=\"150\" src=\"https:\/\/centralmedia.rs\/wp-content\/uploads\/2019\/08\/skola5-150x150.jpg\" class=\"attachment-thumbnail size-thumbnail\" alt=\"\" \/><\/a>\n\t\t\t<\/div><\/figure><figure class='gallery-item'>\n\t\t\t<div class='gallery-icon landscape'>\n\t\t\t\t<a href='https:\/\/centralmedia.rs\/index.php\/2019\/08\/31\/ulaganje-svilajnca-u-buduce-generacije-investicije-u-prosveti-45-miliona-evra\/skola10\/'><img loading=\"lazy\" decoding=\"async\" width=\"150\" height=\"150\" src=\"https:\/\/centralmedia.rs\/wp-content\/uploads\/2019\/08\/skola10-150x150.jpg\" class=\"attachment-thumbnail size-thumbnail\" alt=\"\" \/><\/a>\n\t\t\t<\/div><\/figure><figure class='gallery-item'>\n\t\t\t<div class='gallery-icon landscape'>\n\t\t\t\t<a href='https:\/\/centralmedia.rs\/index.php\/2019\/08\/31\/ulaganje-svilajnca-u-buduce-generacije-investicije-u-prosveti-45-miliona-evra\/skola11\/'><img loading=\"lazy\" decoding=\"async\" width=\"150\" height=\"150\" src=\"https:\/\/centralmedia.rs\/wp-content\/uploads\/2019\/08\/skola11-150x150.jpg\" class=\"attachment-thumbnail size-thumbnail\" alt=\"\" \/><\/a>\n\t\t\t<\/div><\/figure><figure class='gallery-item'>\n\t\t\t<div class='gallery-icon portrait'>\n\t\t\t\t<a href='https:\/\/centralmedia.rs\/index.php\/2019\/08\/31\/ulaganje-svilajnca-u-buduce-generacije-investicije-u-prosveti-45-miliona-evra\/srednaj3\/'><img loading=\"lazy\" decoding=\"async\" width=\"150\" height=\"150\" src=\"https:\/\/centralmedia.rs\/wp-content\/uploads\/2019\/08\/srednaj3-150x150.jpg\" class=\"attachment-thumbnail size-thumbnail\" alt=\"\" \/><\/a>\n\t\t\t<\/div><\/figure><figure class='gallery-item'>\n\t\t\t<div class='gallery-icon landscape'>\n\t\t\t\t<a href='https:\/\/centralmedia.rs\/index.php\/2019\/08\/31\/ulaganje-svilajnca-u-buduce-generacije-investicije-u-prosveti-45-miliona-evra\/srednja\/'><img loading=\"lazy\" decoding=\"async\" width=\"150\" height=\"150\" src=\"https:\/\/centralmedia.rs\/wp-content\/uploads\/2019\/08\/srednja-150x150.jpg\" class=\"attachment-thumbnail size-thumbnail\" alt=\"\" \/><\/a>\n\t\t\t<\/div><\/figure><figure class='gallery-item'>\n\t\t\t<div class='gallery-icon landscape'>\n\t\t\t\t<a href='https:\/\/centralmedia.rs\/index.php\/2019\/08\/31\/ulaganje-svilajnca-u-buduce-generacije-investicije-u-prosveti-45-miliona-evra\/srednja2\/'><img loading=\"lazy\" decoding=\"async\" width=\"150\" height=\"150\" src=\"https:\/\/centralmedia.rs\/wp-content\/uploads\/2019\/08\/srednja2-150x150.jpg\" class=\"attachment-thumbnail size-thumbnail\" alt=\"\" \/><\/a>\n\t\t\t<\/div><\/figure>\n\t\t<\/div>\n\n","protected":false},"excerpt":{"rendered":"<p>SVILAJNAC- Ne\u0107emo da prestanemo sa finansiranjem ovih projekata dok svako dete u Svilajncu ne bude imalo uslova da u\u010di i bude u prostoru kakav je &hellip; <\/p>\n","protected":false},"author":2,"featured_media":19856,"comment_status":"open","ping_status":"open","sticky":false,"template":"","format":"standard","meta":{"footnotes":""},"categories":[14,1524,2,887,12,1517],"tags":[1269,3988,39,38],"_links":{"self":[{"href":"https:\/\/centralmedia.rs\/index.php\/wp-json\/wp\/v2\/posts\/19855"}],"collection":[{"href":"https:\/\/centralmedia.rs\/index.php\/wp-json\/wp\/v2\/posts"}],"about":[{"href":"https:\/\/centralmedia.rs\/index.php\/wp-json\/wp\/v2\/types\/post"}],"author":[{"embeddable":true,"href":"https:\/\/centralmedia.rs\/index.php\/wp-json\/wp\/v2\/users\/2"}],"replies":[{"embeddable":true,"href":"https:\/\/centralmedia.rs\/index.php\/wp-json\/wp\/v2\/comments?post=19855"}],"version-history":[{"count":1,"href":"https:\/\/centralmedia.rs\/index.php\/wp-json\/wp\/v2\/posts\/19855\/revisions"}],"predecessor-version":[{"id":19871,"href":"https:\/\/centralmedia.rs\/index.php\/wp-json\/wp\/v2\/posts\/19855\/revisions\/19871"}],"wp:featuredmedia":[{"embeddable":true,"href":"https:\/\/centralmedia.rs\/index.php\/wp-json\/wp\/v2\/media\/19856"}],"wp:attachment":[{"href":"https:\/\/centralmedia.rs\/index.php\/wp-json\/wp\/v2\/media?parent=19855"}],"wp:term":[{"taxonomy":"category","embeddable":true,"href":"https:\/\/centralmedia.rs\/index.php\/wp-json\/wp\/v2\/categories?post=19855"},{"taxonomy":"post_tag","embeddable":true,"href":"https:\/\/centralmedia.rs\/index.php\/wp-json\/wp\/v2\/tags?post=19855"}],"curies":[{"name":"wp","href":"https:\/\/api.w.org\/{rel}","templated":true}]}}