{"id":19892,"date":"2019-09-02T12:53:58","date_gmt":"2019-09-02T12:53:58","guid":{"rendered":"http:\/\/centralmedia.rs\/?p=19892"},"modified":"2019-09-13T01:24:47","modified_gmt":"2019-09-13T01:24:47","slug":"program-38-maticevih-dana-u-cupriji","status":"publish","type":"post","link":"https:\/\/centralmedia.rs\/index.php\/2019\/09\/02\/program-38-maticevih-dana-u-cupriji\/","title":{"rendered":"PROGRAM 38. MATI\u0106EVIH DANA U \u0106UPRIJI"},"content":{"rendered":"<p>\u0106UPRIJA-38. \u00a0&#8220;Mati\u0107evi dani\u201c u \u0106upriji bi\u0107e odr\u017eani od 9. do 13. septembra. Re\u010d je o knji\u017eevnoj manifestacija koja se tradicionalno, sredinom svakog septembra, odr\u017eava u \u0106upriji od 1982. godine. Manifestacija je posve\u0107ena velikanu srpskog nadrealizma, Du\u0161anu Mati\u0107u, rodom iz \u0106uprije, piscu, akademiku, profesoru fakulteta dramskih umetnosti. Upravnik Narodne biblioteke Srbije Laslo Bla\u0161kovi\u0107 otvori\u0107e manifestaciju.<\/p>\n<div id='gallery-1' class='gallery galleryid-19892 gallery-columns-2 gallery-size-full'><figure class='gallery-item'>\n\t\t\t<div class='gallery-icon portrait'>\n\t\t\t\t<a href='https:\/\/centralmedia.rs\/index.php\/2019\/09\/02\/program-38-maticevih-dana-u-cupriji\/program-6\/'><img loading=\"lazy\" decoding=\"async\" width=\"672\" height=\"960\" src=\"https:\/\/centralmedia.rs\/wp-content\/uploads\/2019\/09\/PROGRAM.jpg\" class=\"attachment-full size-full\" alt=\"\" srcset=\"https:\/\/centralmedia.rs\/wp-content\/uploads\/2019\/09\/PROGRAM.jpg 672w, https:\/\/centralmedia.rs\/wp-content\/uploads\/2019\/09\/PROGRAM-210x300.jpg 210w, https:\/\/centralmedia.rs\/wp-content\/uploads\/2019\/09\/PROGRAM-294x420.jpg 294w, https:\/\/centralmedia.rs\/wp-content\/uploads\/2019\/09\/PROGRAM-640x914.jpg 640w\" sizes=\"(max-width: 672px) 100vw, 672px\" \/><\/a>\n\t\t\t<\/div><\/figure><figure class='gallery-item'>\n\t\t\t<div class='gallery-icon portrait'>\n\t\t\t\t<a href='https:\/\/centralmedia.rs\/index.php\/2019\/09\/02\/program-38-maticevih-dana-u-cupriji\/program1-2\/'><img loading=\"lazy\" decoding=\"async\" width=\"672\" height=\"960\" src=\"https:\/\/centralmedia.rs\/wp-content\/uploads\/2019\/09\/PROGRAM1.jpg\" class=\"attachment-full size-full\" alt=\"\" srcset=\"https:\/\/centralmedia.rs\/wp-content\/uploads\/2019\/09\/PROGRAM1.jpg 672w, https:\/\/centralmedia.rs\/wp-content\/uploads\/2019\/09\/PROGRAM1-210x300.jpg 210w, https:\/\/centralmedia.rs\/wp-content\/uploads\/2019\/09\/PROGRAM1-294x420.jpg 294w, https:\/\/centralmedia.rs\/wp-content\/uploads\/2019\/09\/PROGRAM1-640x914.jpg 640w\" sizes=\"(max-width: 672px) 100vw, 672px\" \/><\/a>\n\t\t\t<\/div><\/figure>\n\t\t<\/div>\n\n<p>U okviru ove manifestacije dodeljuje se knji\u017eevna nagrada \u201eMati\u0107ev \u0161al\u201c mladom piscu do 27 godina starosti za prvu objavljenu knjigu poezije u prethodnoj godini. Sastavni deo manifestacije je i poznati \u201eokrugli sto\u201c, diskusija na zadatu temu, uzetu iz Mati\u0107evih dela, u kojoj u\u010destvuju najeminentnija imena savremene srpske knji\u017eevne kritike. Manifestacija je upotpunjena obaveznom izlo\u017ebom slika sa konkursa Mati\u0107u u \u010dast, koncertom klasi\u010dne girate Milo\u0161a Vukovi\u0107a, muzi\u010dko-poetsko ve\u010de sa glumcem Nebojo\u0161m Milovanovi\u0107em, kao i nizom aktivnosti koje obuhvataju sve segmente umetnosti i kulture.<\/p>\n<p>Povodom po\u010detka nove \u0161kolske godine, Narodna biblioteka &#8220;Du\u0161an Mati\u0107&#8221; od 2. do 7. septembra organizuje akciju &#8220;Biblioteka otvorenih vrata&#8221;. U ovom periodu svi u\u010denici osnovnih i srednjih \u0161kola ima\u0107e pravo upisa u Biblioteku po popularnoj godi\u0161njoj \u010dlanarini od svega 250 dinara.<br \/>\nPodse\u0107amo da se deca pred\u0161kolskog uzrasta i u\u010denici prvog razreda osnovnih \u0161kola mogu besplatno upisati u Biblioteku.<\/p>\n<p><img loading=\"lazy\" decoding=\"async\" class=\"alignnone wp-image-19894 size-full\" src=\"http:\/\/centralmedia.rs\/wp-content\/uploads\/2019\/09\/maticevi-dani1.jpg\" alt=\"\" width=\"960\" height=\"672\" srcset=\"https:\/\/centralmedia.rs\/wp-content\/uploads\/2019\/09\/maticevi-dani1.jpg 960w, https:\/\/centralmedia.rs\/wp-content\/uploads\/2019\/09\/maticevi-dani1-300x210.jpg 300w, https:\/\/centralmedia.rs\/wp-content\/uploads\/2019\/09\/maticevi-dani1-768x538.jpg 768w, https:\/\/centralmedia.rs\/wp-content\/uploads\/2019\/09\/maticevi-dani1-600x420.jpg 600w, https:\/\/centralmedia.rs\/wp-content\/uploads\/2019\/09\/maticevi-dani1-640x448.jpg 640w, https:\/\/centralmedia.rs\/wp-content\/uploads\/2019\/09\/maticevi-dani1-681x477.jpg 681w\" sizes=\"(max-width: 960px) 100vw, 960px\" \/><\/p>\n","protected":false},"excerpt":{"rendered":"<p>\u0106UPRIJA-38. \u00a0&#8220;Mati\u0107evi dani\u201c u \u0106upriji bi\u0107e odr\u017eani od 9. do 13. septembra. Re\u010d je o knji\u017eevnoj manifestacija koja se tradicionalno, sredinom svakog septembra, odr\u017eava u &hellip; <\/p>\n","protected":false},"author":2,"featured_media":19893,"comment_status":"open","ping_status":"open","sticky":false,"template":"","format":"standard","meta":{"footnotes":""},"categories":[1515,1524,2,15,887,12],"tags":[44,1202],"_links":{"self":[{"href":"https:\/\/centralmedia.rs\/index.php\/wp-json\/wp\/v2\/posts\/19892"}],"collection":[{"href":"https:\/\/centralmedia.rs\/index.php\/wp-json\/wp\/v2\/posts"}],"about":[{"href":"https:\/\/centralmedia.rs\/index.php\/wp-json\/wp\/v2\/types\/post"}],"author":[{"embeddable":true,"href":"https:\/\/centralmedia.rs\/index.php\/wp-json\/wp\/v2\/users\/2"}],"replies":[{"embeddable":true,"href":"https:\/\/centralmedia.rs\/index.php\/wp-json\/wp\/v2\/comments?post=19892"}],"version-history":[{"count":3,"href":"https:\/\/centralmedia.rs\/index.php\/wp-json\/wp\/v2\/posts\/19892\/revisions"}],"predecessor-version":[{"id":19899,"href":"https:\/\/centralmedia.rs\/index.php\/wp-json\/wp\/v2\/posts\/19892\/revisions\/19899"}],"wp:featuredmedia":[{"embeddable":true,"href":"https:\/\/centralmedia.rs\/index.php\/wp-json\/wp\/v2\/media\/19893"}],"wp:attachment":[{"href":"https:\/\/centralmedia.rs\/index.php\/wp-json\/wp\/v2\/media?parent=19892"}],"wp:term":[{"taxonomy":"category","embeddable":true,"href":"https:\/\/centralmedia.rs\/index.php\/wp-json\/wp\/v2\/categories?post=19892"},{"taxonomy":"post_tag","embeddable":true,"href":"https:\/\/centralmedia.rs\/index.php\/wp-json\/wp\/v2\/tags?post=19892"}],"curies":[{"name":"wp","href":"https:\/\/api.w.org\/{rel}","templated":true}]}}