{"id":19900,"date":"2019-09-02T14:02:01","date_gmt":"2019-09-02T14:02:01","guid":{"rendered":"http:\/\/centralmedia.rs\/?p=19900"},"modified":"2019-09-05T12:18:05","modified_gmt":"2019-09-05T12:18:05","slug":"rekonstruisan-dom-kulture-u-drenovcu","status":"publish","type":"post","link":"https:\/\/centralmedia.rs\/index.php\/2019\/09\/02\/rekonstruisan-dom-kulture-u-drenovcu\/","title":{"rendered":"REKONSTRUISAN DOM KULTURE U DRENOVCU I ODR\u017dANI DRENOVA\u010cKI DANI"},"content":{"rendered":"<p>PARA\u0106IN-Simboli\u010dnim uru\u010denjem klju\u010deva predsednik op\u0161tine Para\u0107in Sa\u0161a punovi\u0107 predao je na kori\u0161\u0107enje rekonstruisanu veliku salu Doma kulture u Drenovcu \u010dlanovima KUD &#8220;Spasovdanski vez&#8221; na kori\u0161\u0107enje.<\/p>\n<p>Na Drenova\u010dkim danima 2019. ekipa Insbruk pobedila je u pripremanju ajvara, oni su pro\u0161le godine bili na drugom mestu, dok je Sa\u0161a Simi\u0107 pobednik u kategorije najdu\u017ee i najte\u017ee paprike, koja je izmerila 313 grama. Sedmostruki pobednik u kategoriji najbolji zasad paprike je Miroslav Stevanovi\u0107, najure\u0111eniju parcelu ima \u017divorad \u0106osi\u0107 , u kategoriji vo\u0107ne rakije pobednik \u00a0je Radosav Radosavljevi\u0107.<\/p>\n<div id='gallery-1' class='gallery galleryid-19900 gallery-columns-8 gallery-size-thumbnail'><figure class='gallery-item'>\n\t\t\t<div class='gallery-icon landscape'>\n\t\t\t\t<a href='https:\/\/centralmedia.rs\/index.php\/2019\/09\/02\/rekonstruisan-dom-kulture-u-drenovcu\/seniori-2\/'><img loading=\"lazy\" decoding=\"async\" width=\"150\" height=\"150\" src=\"https:\/\/centralmedia.rs\/wp-content\/uploads\/2019\/09\/seniori-150x150.jpg\" class=\"attachment-thumbnail size-thumbnail\" alt=\"\" \/><\/a>\n\t\t\t<\/div><\/figure><figure class='gallery-item'>\n\t\t\t<div class='gallery-icon landscape'>\n\t\t\t\t<a href='https:\/\/centralmedia.rs\/index.php\/2019\/09\/02\/rekonstruisan-dom-kulture-u-drenovcu\/urucenje-kljuceva\/'><img loading=\"lazy\" decoding=\"async\" width=\"150\" height=\"150\" src=\"https:\/\/centralmedia.rs\/wp-content\/uploads\/2019\/09\/urucenje-kljuceva-150x150.jpg\" class=\"attachment-thumbnail size-thumbnail\" alt=\"\" \/><\/a>\n\t\t\t<\/div><\/figure><figure class='gallery-item'>\n\t\t\t<div class='gallery-icon landscape'>\n\t\t\t\t<a href='https:\/\/centralmedia.rs\/index.php\/2019\/09\/02\/rekonstruisan-dom-kulture-u-drenovcu\/drenovac\/'><img loading=\"lazy\" decoding=\"async\" width=\"150\" height=\"150\" src=\"https:\/\/centralmedia.rs\/wp-content\/uploads\/2019\/09\/drenovac-150x150.jpg\" class=\"attachment-thumbnail size-thumbnail\" alt=\"\" \/><\/a>\n\t\t\t<\/div><\/figure><figure class='gallery-item'>\n\t\t\t<div class='gallery-icon landscape'>\n\t\t\t\t<a href='https:\/\/centralmedia.rs\/index.php\/2019\/09\/02\/rekonstruisan-dom-kulture-u-drenovcu\/etno-dar\/'><img loading=\"lazy\" decoding=\"async\" width=\"150\" height=\"150\" src=\"https:\/\/centralmedia.rs\/wp-content\/uploads\/2019\/09\/etno-dar-150x150.jpg\" class=\"attachment-thumbnail size-thumbnail\" alt=\"\" \/><\/a>\n\t\t\t<\/div><\/figure><figure class='gallery-item'>\n\t\t\t<div class='gallery-icon landscape'>\n\t\t\t\t<a href='https:\/\/centralmedia.rs\/index.php\/2019\/09\/02\/rekonstruisan-dom-kulture-u-drenovcu\/insbruk\/'><img loading=\"lazy\" decoding=\"async\" width=\"150\" height=\"150\" src=\"https:\/\/centralmedia.rs\/wp-content\/uploads\/2019\/09\/insbruk-150x150.jpg\" class=\"attachment-thumbnail size-thumbnail\" alt=\"\" \/><\/a>\n\t\t\t<\/div><\/figure><figure class='gallery-item'>\n\t\t\t<div class='gallery-icon landscape'>\n\t\t\t\t<a href='https:\/\/centralmedia.rs\/index.php\/2019\/09\/02\/rekonstruisan-dom-kulture-u-drenovcu\/lovci-6\/'><img loading=\"lazy\" decoding=\"async\" width=\"150\" height=\"150\" src=\"https:\/\/centralmedia.rs\/wp-content\/uploads\/2019\/09\/lovci-150x150.jpg\" class=\"attachment-thumbnail size-thumbnail\" alt=\"\" \/><\/a>\n\t\t\t<\/div><\/figure><figure class='gallery-item'>\n\t\t\t<div class='gallery-icon portrait'>\n\t\t\t\t<a href='https:\/\/centralmedia.rs\/index.php\/2019\/09\/02\/rekonstruisan-dom-kulture-u-drenovcu\/najbolja-rakija\/'><img loading=\"lazy\" decoding=\"async\" width=\"150\" height=\"150\" src=\"https:\/\/centralmedia.rs\/wp-content\/uploads\/2019\/09\/najbolja-rakija-150x150.jpg\" class=\"attachment-thumbnail size-thumbnail\" alt=\"\" \/><\/a>\n\t\t\t<\/div><\/figure><figure class='gallery-item'>\n\t\t\t<div class='gallery-icon landscape'>\n\t\t\t\t<a href='https:\/\/centralmedia.rs\/index.php\/2019\/09\/02\/rekonstruisan-dom-kulture-u-drenovcu\/papricar\/'><img loading=\"lazy\" decoding=\"async\" width=\"150\" height=\"150\" src=\"https:\/\/centralmedia.rs\/wp-content\/uploads\/2019\/09\/papricar-150x150.jpg\" class=\"attachment-thumbnail size-thumbnail\" alt=\"\" \/><\/a>\n\t\t\t<\/div><\/figure>\n\t\t<\/div>\n\n","protected":false},"excerpt":{"rendered":"<p>PARA\u0106IN-Simboli\u010dnim uru\u010denjem klju\u010deva predsednik op\u0161tine Para\u0107in Sa\u0161a punovi\u0107 predao je na kori\u0161\u0107enje rekonstruisanu veliku salu Doma kulture u Drenovcu \u010dlanovima KUD &#8220;Spasovdanski vez&#8221; na kori\u0161\u0107enje. &hellip; <\/p>\n","protected":false},"author":2,"featured_media":19901,"comment_status":"open","ping_status":"open","sticky":false,"template":"","format":"standard","meta":{"footnotes":""},"categories":[1524,2,1516,887,16,12],"tags":[2269,3893,988,156],"_links":{"self":[{"href":"https:\/\/centralmedia.rs\/index.php\/wp-json\/wp\/v2\/posts\/19900"}],"collection":[{"href":"https:\/\/centralmedia.rs\/index.php\/wp-json\/wp\/v2\/posts"}],"about":[{"href":"https:\/\/centralmedia.rs\/index.php\/wp-json\/wp\/v2\/types\/post"}],"author":[{"embeddable":true,"href":"https:\/\/centralmedia.rs\/index.php\/wp-json\/wp\/v2\/users\/2"}],"replies":[{"embeddable":true,"href":"https:\/\/centralmedia.rs\/index.php\/wp-json\/wp\/v2\/comments?post=19900"}],"version-history":[{"count":2,"href":"https:\/\/centralmedia.rs\/index.php\/wp-json\/wp\/v2\/posts\/19900\/revisions"}],"predecessor-version":[{"id":19911,"href":"https:\/\/centralmedia.rs\/index.php\/wp-json\/wp\/v2\/posts\/19900\/revisions\/19911"}],"wp:featuredmedia":[{"embeddable":true,"href":"https:\/\/centralmedia.rs\/index.php\/wp-json\/wp\/v2\/media\/19901"}],"wp:attachment":[{"href":"https:\/\/centralmedia.rs\/index.php\/wp-json\/wp\/v2\/media?parent=19900"}],"wp:term":[{"taxonomy":"category","embeddable":true,"href":"https:\/\/centralmedia.rs\/index.php\/wp-json\/wp\/v2\/categories?post=19900"},{"taxonomy":"post_tag","embeddable":true,"href":"https:\/\/centralmedia.rs\/index.php\/wp-json\/wp\/v2\/tags?post=19900"}],"curies":[{"name":"wp","href":"https:\/\/api.w.org\/{rel}","templated":true}]}}