{"id":19912,"date":"2019-09-03T15:19:09","date_gmt":"2019-09-03T15:19:09","guid":{"rendered":"http:\/\/centralmedia.rs\/?p=19912"},"modified":"2019-09-03T15:19:09","modified_gmt":"2019-09-03T15:19:09","slug":"zavrsetak-radova-na-prosirenju-industrijske-zone-zmic","status":"publish","type":"post","link":"https:\/\/centralmedia.rs\/index.php\/2019\/09\/03\/zavrsetak-radova-na-prosirenju-industrijske-zone-zmic\/","title":{"rendered":"ZAVR\u0160ETAK RADOVA NA PRO\u0160IRENJU INDUSTRIJSKE ZONE &#8220;ZMI\u010c&#8221;"},"content":{"rendered":"<p>PARA\u0106IN- Radovi na pro\u0161irenju para\u0107inske Industrijske zone &#8220;Zmi\u010d&#8221;, koji se finansiraju sa 300.000 evra iz EUpro programa, u zavr\u0161noj su fazi i uskoro treba o\u010dekivati asfaltiranje saobra\u0107ajnice u du\u017eini od 600 metara. To \u0107e omogu\u0107iti zapo\u0161ljavanje 300 radnika, odnosno realizaciju izgradnje pogona povr\u0161ine nekoliko hiljada kvadarta za potrebe zakupa ili kupovine \u0161vedskog Rimastera. Re\u010d o kompletno infrastruktorno opremljenoj saobra\u0107ajnici sa fekalnom i ki\u0161nom kanalizacijom, vodovodom i javnom rasvetom.<\/p>\n<p>&#8211; U Industrijskoj zoni &#8220;Zmi\u010d&#8221; gradimo saobra\u0107ajnicu du\u017eine 600 metara koja \u0107e omogu\u0107iti pristup novim parcelama za budu\u0107e investitore, kako bi omogu\u0107ili nova ulaganja. Znamo da postoji interesovanje za realizaciju novih investicija. Projekat se investira sredstvima EUpro i izgradnja je u zavr\u0161noj fazi. Zavr\u0161eni su radovi na vodovodnoj mre\u017ei i u toku su radovi na elektro i kanalizacionim instalacijama. Obavljaju se grubi pripremni radovi za asfaltriranje. Sa zavr\u0161etkom ove investicije bi\u0107e omogu\u0107en novi investicioni ciklus, \u0161to \u0107e omogu\u0107iti nova radna mesta i zapo\u0161ljavanje na\u0161ih sugra\u0111ana. Na taj na\u010din re\u0161avamo pitanje zapo\u0161ljavanja, koje je jedno od najva\u017enijih, kao i osiguravanje egzistencije gra\u0111ana, ka\u017ee na\u010delnik Uprave za investicije i odr\u017eivi razvoj Vojislav Vasi\u0107.<\/p>\n<p>U Zoni \u0107e ujedno biti postavljana javna rasveta i u delovima gde je do sada nije bilo.<\/p>\n","protected":false},"excerpt":{"rendered":"<p>PARA\u0106IN- Radovi na pro\u0161irenju para\u0107inske Industrijske zone &#8220;Zmi\u010d&#8221;, koji se finansiraju sa 300.000 evra iz EUpro programa, u zavr\u0161noj su fazi i uskoro treba o\u010dekivati &hellip; <\/p>\n","protected":false},"author":2,"featured_media":19490,"comment_status":"open","ping_status":"open","sticky":false,"template":"","format":"standard","meta":{"footnotes":""},"categories":[22,1524,2,1516,887,12],"tags":[376,156,3300],"_links":{"self":[{"href":"https:\/\/centralmedia.rs\/index.php\/wp-json\/wp\/v2\/posts\/19912"}],"collection":[{"href":"https:\/\/centralmedia.rs\/index.php\/wp-json\/wp\/v2\/posts"}],"about":[{"href":"https:\/\/centralmedia.rs\/index.php\/wp-json\/wp\/v2\/types\/post"}],"author":[{"embeddable":true,"href":"https:\/\/centralmedia.rs\/index.php\/wp-json\/wp\/v2\/users\/2"}],"replies":[{"embeddable":true,"href":"https:\/\/centralmedia.rs\/index.php\/wp-json\/wp\/v2\/comments?post=19912"}],"version-history":[{"count":1,"href":"https:\/\/centralmedia.rs\/index.php\/wp-json\/wp\/v2\/posts\/19912\/revisions"}],"predecessor-version":[{"id":19913,"href":"https:\/\/centralmedia.rs\/index.php\/wp-json\/wp\/v2\/posts\/19912\/revisions\/19913"}],"wp:featuredmedia":[{"embeddable":true,"href":"https:\/\/centralmedia.rs\/index.php\/wp-json\/wp\/v2\/media\/19490"}],"wp:attachment":[{"href":"https:\/\/centralmedia.rs\/index.php\/wp-json\/wp\/v2\/media?parent=19912"}],"wp:term":[{"taxonomy":"category","embeddable":true,"href":"https:\/\/centralmedia.rs\/index.php\/wp-json\/wp\/v2\/categories?post=19912"},{"taxonomy":"post_tag","embeddable":true,"href":"https:\/\/centralmedia.rs\/index.php\/wp-json\/wp\/v2\/tags?post=19912"}],"curies":[{"name":"wp","href":"https:\/\/api.w.org\/{rel}","templated":true}]}}