{"id":19918,"date":"2019-09-03T17:25:08","date_gmt":"2019-09-03T17:25:08","guid":{"rendered":"http:\/\/centralmedia.rs\/?p=19918"},"modified":"2019-09-13T01:25:15","modified_gmt":"2019-09-13T01:25:15","slug":"svecano-otvorene-seoske-skole-i-pokoloni-za-skolarce","status":"publish","type":"post","link":"https:\/\/centralmedia.rs\/index.php\/2019\/09\/03\/svecano-otvorene-seoske-skole-i-pokoloni-za-skolarce\/","title":{"rendered":"SVE\u010cANO OTVORENE SEOSKE \u0160KOLE I POKOLONI ZA \u0160KOLARCE"},"content":{"rendered":"<p>SVILAJNAC- Predsednik Op\u0161tine Svilajnac Predrag Milanovi\u0107 i njegova zamenica Dragana Radevi\u0107, te prosvetni inspektor Marina Boji\u0107, posetili su Osnovnu \u0161kolu &#8220;Jovan Jovanovi\u0107 Zmaj&#8221; u Svilajncu, kao i \u00a0izdvojena odeljenja u Vojski, Ma\u010devcu, Grabovcu, Dubnici i Glo\u017eanu, Osnovnu \u0161kolu &#8220;Branko Radi\u010devi\u0107&#8221; u Sedlaru i Osnovnu \u0161kolu &#8220;Vo\u017ed Kara\u0111or\u0111e&#8221; u Ku\u0161iljevu. Povratak u \u0161kolske klupe i polazak prvaka u \u0161kolu, obele\u017een je dobrodo\u0161licom i podelom poklona lokalne samouprave, ran\u010deva sa neophodnim \u0161kolskim priborom. Sve\u010dano su otvorene potpuno rekonstruisane \u0161kole u Grabovcu, Glo\u017eanu i Dubnici, gde su predstavnike Op\u0161tine Svilajnac i sve ostale prisutne recitacijom do\u010dekali zadovoljni u\u010denici.<\/p>\n<p>-Rekonstruisali smo pet \u0161kola na teritoriji op\u0161tine Svilajnac, jer se trudimo da izjedna\u010dimo uslove na selu i u gradu. Sve ove \u0161kole poseduju nov name\u0161taj i opremu, kao i modernu tehniku, kako bi deci obezedili \u0161to bolje obrazovanje. Cilj nam je da u narednih nekoliko godina rekonstrui\u0161emo \u0161kole u ostalim selima, zato \u0161to su nam deca i njihovo obrazovanje prioritet, rekao je Milanovi\u0107.<\/p>\n<div id='gallery-1' class='gallery galleryid-19918 gallery-columns-5 gallery-size-thumbnail'><figure class='gallery-item'>\n\t\t\t<div class='gallery-icon landscape'>\n\t\t\t\t<a href='https:\/\/centralmedia.rs\/index.php\/2019\/09\/03\/svecano-otvorene-seoske-skole-i-pokoloni-za-skolarce\/skola1-3\/'><img loading=\"lazy\" decoding=\"async\" width=\"150\" height=\"150\" src=\"https:\/\/centralmedia.rs\/wp-content\/uploads\/2019\/09\/skola1-150x150.jpg\" class=\"attachment-thumbnail size-thumbnail\" alt=\"\" \/><\/a>\n\t\t\t<\/div><\/figure><figure class='gallery-item'>\n\t\t\t<div class='gallery-icon landscape'>\n\t\t\t\t<a href='https:\/\/centralmedia.rs\/index.php\/2019\/09\/03\/svecano-otvorene-seoske-skole-i-pokoloni-za-skolarce\/skola2-3\/'><img loading=\"lazy\" decoding=\"async\" width=\"150\" height=\"150\" src=\"https:\/\/centralmedia.rs\/wp-content\/uploads\/2019\/09\/skola2-150x150.jpg\" class=\"attachment-thumbnail size-thumbnail\" alt=\"\" \/><\/a>\n\t\t\t<\/div><\/figure><figure class='gallery-item'>\n\t\t\t<div class='gallery-icon landscape'>\n\t\t\t\t<a href='https:\/\/centralmedia.rs\/index.php\/2019\/09\/03\/svecano-otvorene-seoske-skole-i-pokoloni-za-skolarce\/skola3-2\/'><img loading=\"lazy\" decoding=\"async\" width=\"150\" height=\"150\" src=\"https:\/\/centralmedia.rs\/wp-content\/uploads\/2019\/09\/skola3-150x150.jpg\" class=\"attachment-thumbnail size-thumbnail\" alt=\"\" \/><\/a>\n\t\t\t<\/div><\/figure><figure class='gallery-item'>\n\t\t\t<div class='gallery-icon landscape'>\n\t\t\t\t<a href='https:\/\/centralmedia.rs\/index.php\/2019\/09\/03\/svecano-otvorene-seoske-skole-i-pokoloni-za-skolarce\/skola4-2\/'><img loading=\"lazy\" decoding=\"async\" width=\"150\" height=\"150\" src=\"https:\/\/centralmedia.rs\/wp-content\/uploads\/2019\/09\/skola4-150x150.jpg\" class=\"attachment-thumbnail size-thumbnail\" alt=\"\" \/><\/a>\n\t\t\t<\/div><\/figure><figure class='gallery-item'>\n\t\t\t<div class='gallery-icon landscape'>\n\t\t\t\t<a href='https:\/\/centralmedia.rs\/index.php\/2019\/09\/03\/svecano-otvorene-seoske-skole-i-pokoloni-za-skolarce\/skola-14\/'><img loading=\"lazy\" decoding=\"async\" width=\"150\" height=\"150\" src=\"https:\/\/centralmedia.rs\/wp-content\/uploads\/2019\/09\/skola-150x150.jpg\" class=\"attachment-thumbnail size-thumbnail\" alt=\"\" \/><\/a>\n\t\t\t<\/div><\/figure>\n\t\t<\/div>\n\n","protected":false},"excerpt":{"rendered":"<p>SVILAJNAC- Predsednik Op\u0161tine Svilajnac Predrag Milanovi\u0107 i njegova zamenica Dragana Radevi\u0107, te prosvetni inspektor Marina Boji\u0107, posetili su Osnovnu \u0161kolu &#8220;Jovan Jovanovi\u0107 Zmaj&#8221; u Svilajncu, &hellip; <\/p>\n","protected":false},"author":2,"featured_media":19919,"comment_status":"open","ping_status":"open","sticky":false,"template":"","format":"standard","meta":{"footnotes":""},"categories":[14,1524,2,887,12,1517],"tags":[3999,38],"_links":{"self":[{"href":"https:\/\/centralmedia.rs\/index.php\/wp-json\/wp\/v2\/posts\/19918"}],"collection":[{"href":"https:\/\/centralmedia.rs\/index.php\/wp-json\/wp\/v2\/posts"}],"about":[{"href":"https:\/\/centralmedia.rs\/index.php\/wp-json\/wp\/v2\/types\/post"}],"author":[{"embeddable":true,"href":"https:\/\/centralmedia.rs\/index.php\/wp-json\/wp\/v2\/users\/2"}],"replies":[{"embeddable":true,"href":"https:\/\/centralmedia.rs\/index.php\/wp-json\/wp\/v2\/comments?post=19918"}],"version-history":[{"count":1,"href":"https:\/\/centralmedia.rs\/index.php\/wp-json\/wp\/v2\/posts\/19918\/revisions"}],"predecessor-version":[{"id":19924,"href":"https:\/\/centralmedia.rs\/index.php\/wp-json\/wp\/v2\/posts\/19918\/revisions\/19924"}],"wp:featuredmedia":[{"embeddable":true,"href":"https:\/\/centralmedia.rs\/index.php\/wp-json\/wp\/v2\/media\/19919"}],"wp:attachment":[{"href":"https:\/\/centralmedia.rs\/index.php\/wp-json\/wp\/v2\/media?parent=19918"}],"wp:term":[{"taxonomy":"category","embeddable":true,"href":"https:\/\/centralmedia.rs\/index.php\/wp-json\/wp\/v2\/categories?post=19918"},{"taxonomy":"post_tag","embeddable":true,"href":"https:\/\/centralmedia.rs\/index.php\/wp-json\/wp\/v2\/tags?post=19918"}],"curies":[{"name":"wp","href":"https:\/\/api.w.org\/{rel}","templated":true}]}}