{"id":1992,"date":"2016-01-31T21:17:06","date_gmt":"2016-01-31T21:17:06","guid":{"rendered":"http:\/\/centralmedia.rs\/?p=1992"},"modified":"2016-01-31T21:17:06","modified_gmt":"2016-01-31T21:17:06","slug":"u-kablovima-rok-za-isplatu-zarada-10-februar","status":"publish","type":"post","link":"https:\/\/centralmedia.rs\/index.php\/2016\/01\/31\/u-kablovima-rok-za-isplatu-zarada-10-februar\/","title":{"rendered":"U KABLOVIMA ROK ZA ISPLATU ZARADA 10 FEBRUAR"},"content":{"rendered":"<p>JAGODINA-Posle trodnevne obustave proizvodnje u jagodinskim Kablovima, sidikati su doneli odluku da  se nastavi proizvodnja, formira \u0160trajka\u010dki odbor i menad\u017ementu da rok do 10 februara za isplatu septembarske zarade, u suprotnom 11 februara ponovo \u0107e biti obustavljena proizvodnja. Pored toga, zaposleni u Kablovima su u neizvesnosti oko postupka privatizacije, naime na stolu su dve ponude dr\u017eave Unapred pripremljeni program reorganizacije-UPPR ili Program reorganizacije-PR,a odluka \u0107e biti doneta do 7 februara. Uporedo sa nezadovoljstvom radnika, menad\u017ement je ponovo pokrenuo izja\u0161njavanje o dobrovoljnom odlasku iz preduze\u0107a i to \u0107e biti obavljeno do  12 februara. Radnicima su ponu\u0111e tri mogu\u0107nosti 200 evra po godini sta\u017ea, \u0161est bruto zarada ili tre\u0107ina bruto zarade koje se mno\u017ee sa godinama sta\u017ea.<br \/>\n\t-Trodnevna obustava proizvodnje je dala rezultate, sindikata su se pokrenuli,  ali mi jo\u0161 uvek nemamo nikakve informacije o sudbini preduze\u0107a. Menad\u017eement ne \u017eeli da nas informi\u0161e i zato \u0107emo zahtevati  sastanak sa prvim \u010dovekom grada Draganom Markovi\u0107em Palmom kako bi dobili prave informacije i stavove Vlade Srbije po pitanju budu\u0107nosti Kablova, kao i da nam grad pomogne oko organizovanja konzorcijuma zaposlenih koji \u017eele da ulo\u017ee novac iz socijalnog programa u kupovinu dela preduze\u0107a i na taj na\u010din da sa\u010duvaju radna mesta, rekao je predsednik Pregovara\u010dkog tima Dragan Milanovi\u0107. Pregora\u010dki tim formirali su zaposleni mimo sindikata jer su zabrinuti za svoju sudbinu.<br \/>\nSindikati zahtevaju od menad\u017ementa da isplata zarade za oktobar  bude izme\u0111u 22 i 26 februara, kao i da Nadzorni odbor preispita odgovornost  generalnog dirketora Ratka Vu\u010durovi\u0107a za nastalu situaciju.<\/p>\n","protected":false},"excerpt":{"rendered":"<p>JAGODINA-Posle trodnevne obustave proizvodnje u jagodinskim Kablovima, sidikati su doneli odluku da se nastavi proizvodnja, formira \u0160trajka\u010dki odbor i menad\u017ementu da rok do 10 februara &hellip; <\/p>\n","protected":false},"author":4,"featured_media":1993,"comment_status":"open","ping_status":"open","sticky":false,"template":"","format":"standard","meta":{"footnotes":""},"categories":[22,2,12],"tags":[58,491,508],"_links":{"self":[{"href":"https:\/\/centralmedia.rs\/index.php\/wp-json\/wp\/v2\/posts\/1992"}],"collection":[{"href":"https:\/\/centralmedia.rs\/index.php\/wp-json\/wp\/v2\/posts"}],"about":[{"href":"https:\/\/centralmedia.rs\/index.php\/wp-json\/wp\/v2\/types\/post"}],"author":[{"embeddable":true,"href":"https:\/\/centralmedia.rs\/index.php\/wp-json\/wp\/v2\/users\/4"}],"replies":[{"embeddable":true,"href":"https:\/\/centralmedia.rs\/index.php\/wp-json\/wp\/v2\/comments?post=1992"}],"version-history":[{"count":0,"href":"https:\/\/centralmedia.rs\/index.php\/wp-json\/wp\/v2\/posts\/1992\/revisions"}],"wp:featuredmedia":[{"embeddable":true,"href":"https:\/\/centralmedia.rs\/index.php\/wp-json\/wp\/v2\/media\/1993"}],"wp:attachment":[{"href":"https:\/\/centralmedia.rs\/index.php\/wp-json\/wp\/v2\/media?parent=1992"}],"wp:term":[{"taxonomy":"category","embeddable":true,"href":"https:\/\/centralmedia.rs\/index.php\/wp-json\/wp\/v2\/categories?post=1992"},{"taxonomy":"post_tag","embeddable":true,"href":"https:\/\/centralmedia.rs\/index.php\/wp-json\/wp\/v2\/tags?post=1992"}],"curies":[{"name":"wp","href":"https:\/\/api.w.org\/{rel}","templated":true}]}}