{"id":19956,"date":"2019-09-05T11:29:38","date_gmt":"2019-09-05T11:29:38","guid":{"rendered":"http:\/\/centralmedia.rs\/?p=19956"},"modified":"2019-09-13T01:26:21","modified_gmt":"2019-09-13T01:26:21","slug":"policija-saslusala-biznismena-bliskog-nekadasnjim-funkcionerima-ds-u-jagodini-zaplenjen-teroristcki-arsenal-oruzja","status":"publish","type":"post","link":"https:\/\/centralmedia.rs\/index.php\/2019\/09\/05\/policija-saslusala-biznismena-bliskog-nekadasnjim-funkcionerima-ds-u-jagodini-zaplenjen-teroristcki-arsenal-oruzja\/","title":{"rendered":"POLICIJA SASLU\u0160ALA BIZNISMENA BLISKOG NEKADA\u0160NJIM FUNKCIONERIMA DS &#8211; U JAGODINI ZAPLENJEN ,,TERORISTI\u010cKI&#8221; ARSENAL ORU\u017dJA"},"content":{"rendered":"<p>JAGODINA- Kriminalisti\u010dka policija PU Jagodina je prilikom pregleda objekta poznatog salona name\u0161taja u Jagodini sa magacinskim prostorijama prona\u0161la i oduzela veliku koli\u010dinu ekploziva, ru\u010dne bombe, vi\u0161e pi\u0161tolja i ogromnu koli\u010dinu municije za automatsko i pi\u0161toljsko naoru\u017eanje, kao i opremu za komunikaciju, odnosno radio stanice, potvr\u0111uju izvori upoznati sa tokom istrage. Stru\u010dnjaci za oru\u017eje i eksploziv isti\u010du da je re\u010d o pravom ,,teroristi\u010dkom&#8221; arsenalu i da je sa takvim koli\u010dinama i opremom \u00a0mogu\u0107e realizovati napade \u0161irih razmera koji, zbog potencijala koji poseduju, mogu da ugroze na hiljade gra\u0111ana.<\/p>\n<p>U toku je intenzivna istraga o tome, koja je u nadle\u017enosti Vi\u0161eg tu\u017eila\u0161tva. Kako nezvani\u010dno saznajemo, me\u0111u licima koja je policija saslu\u0161avala je poznati jagodinski biznismen koji u lokalnoj javnosti va\u017ei za bliskog prijatelja sa biv\u0161im visokim funkiconerima Demokratske stranke koji su jo\u0161 uvek veoma uticajni, dok ima i onih koji zbog toga naga\u0111aju da je i finansirao tu stranku dok je bila na vlasti. Tako\u0111e, za njega se vezuje nekoliko privatizacija u ovom delu Srbije koje su bile u \u017ei\u017ei javnosti zbog protesta radnika i akcionara.<\/p>\n<p>Ranije je u dvori\u0161tu susednog salona name\u0161taja, u odnosu na ovaj gde je prona\u0111en ,,teroristi\u010dki&#8221; arsenal oru\u017eja, zapaljen skupocen automobil vlasni\u0161tvo jagodinskog biznismena.<\/p>\n","protected":false},"excerpt":{"rendered":"<p>JAGODINA- Kriminalisti\u010dka policija PU Jagodina je prilikom pregleda objekta poznatog salona name\u0161taja u Jagodini sa magacinskim prostorijama prona\u0161la i oduzela veliku koli\u010dinu ekploziva, ru\u010dne bombe, &hellip; <\/p>\n","protected":false},"author":2,"featured_media":16553,"comment_status":"open","ping_status":"open","sticky":false,"template":"","format":"standard","meta":{"footnotes":""},"categories":[1524,20,2,1514,12],"tags":[4006,4005,2557,4007],"_links":{"self":[{"href":"https:\/\/centralmedia.rs\/index.php\/wp-json\/wp\/v2\/posts\/19956"}],"collection":[{"href":"https:\/\/centralmedia.rs\/index.php\/wp-json\/wp\/v2\/posts"}],"about":[{"href":"https:\/\/centralmedia.rs\/index.php\/wp-json\/wp\/v2\/types\/post"}],"author":[{"embeddable":true,"href":"https:\/\/centralmedia.rs\/index.php\/wp-json\/wp\/v2\/users\/2"}],"replies":[{"embeddable":true,"href":"https:\/\/centralmedia.rs\/index.php\/wp-json\/wp\/v2\/comments?post=19956"}],"version-history":[{"count":2,"href":"https:\/\/centralmedia.rs\/index.php\/wp-json\/wp\/v2\/posts\/19956\/revisions"}],"predecessor-version":[{"id":19958,"href":"https:\/\/centralmedia.rs\/index.php\/wp-json\/wp\/v2\/posts\/19956\/revisions\/19958"}],"wp:featuredmedia":[{"embeddable":true,"href":"https:\/\/centralmedia.rs\/index.php\/wp-json\/wp\/v2\/media\/16553"}],"wp:attachment":[{"href":"https:\/\/centralmedia.rs\/index.php\/wp-json\/wp\/v2\/media?parent=19956"}],"wp:term":[{"taxonomy":"category","embeddable":true,"href":"https:\/\/centralmedia.rs\/index.php\/wp-json\/wp\/v2\/categories?post=19956"},{"taxonomy":"post_tag","embeddable":true,"href":"https:\/\/centralmedia.rs\/index.php\/wp-json\/wp\/v2\/tags?post=19956"}],"curies":[{"name":"wp","href":"https:\/\/api.w.org\/{rel}","templated":true}]}}