{"id":19959,"date":"2019-09-05T11:35:38","date_gmt":"2019-09-05T11:35:38","guid":{"rendered":"http:\/\/centralmedia.rs\/?p=19959"},"modified":"2019-09-13T01:26:34","modified_gmt":"2019-09-13T01:26:34","slug":"digitalna-verzija-antickog-grada-horeum-margi-uskoro-dostupna-gradanima-na-mobilnim-telefonima","status":"publish","type":"post","link":"https:\/\/centralmedia.rs\/index.php\/2019\/09\/05\/digitalna-verzija-antickog-grada-horeum-margi-uskoro-dostupna-gradanima-na-mobilnim-telefonima\/","title":{"rendered":"DIGITALNA VERZIJA ANTI\u010cKOG GRADA HOREUM MARGI USKORO DOSTUPNA GRA\u0110ANIMA NA MOBILNIM TELEFONIMA"},"content":{"rendered":"<p>\u0106UPRIJA- Po\u010dela je realizacija projekta &#8220;Izlo\u017eba pro\u0161irene stvarnosti anti\u010dkog grada Horeum Margi&#8221; vrednog blizu 1,4 miliona dinara, koji se finansira preko Kabineta ministra bez portfelja zadu\u017eenog za inovacije i tehnolo\u0161ki razvoj Nenada Popovi\u0107a, partner je Regionalna agencija za ekonomski razvoj \u0160umadije i Pomoravlja, a nosilac Op\u0161tina \u0106uprija. Muzej &#8220;Horeum Margi &#8211; Ravno&#8221; \u0107e kroz projekat dobiti novi sajt, a pravu atrakciju \u0107e doneti besplatna aplikacija za mobilne telefone kojom \u0107e gra\u0111ani biti u mogu\u0107nosti da sa nekoliko ta\u010daka u \u0106upriji vide kako je izgledala \u010duvena severoisto\u010dna kula i anti\u010dki grad Horeum Margi. Projekat \u0107e biti zavr\u0161en do kraja ove godine. Tim povodom odr\u017ean je sastanak predstavnika Op\u0161tine i Agencije.<\/p>\n<p>-Re\u010d je o digitalizaciji kulturnog nasle\u0111a anti\u010dkog grada Horeum Margi. Prva faza digitalizacije kulturnog nasle\u0111a koja treba da bude predstavljena \u0161iroj javnosti u Srbiji i inostranstvu. Uglavnom pri\u010damo o tome kako imamo bogato kulturno-istorijsko nasle\u0111a, ali da bi to dalo efekat dolaska gra\u0111ana proces je jako dug i ovo jedan segmenat, rekao je direktor Regionalna agencije Nenad Popovi\u0107.<\/p>\n<div id='gallery-1' class='gallery galleryid-19959 gallery-columns-3 gallery-size-full'><figure class='gallery-item'>\n\t\t\t<div class='gallery-icon landscape'>\n\t\t\t\t<a href='https:\/\/centralmedia.rs\/index.php\/2019\/09\/05\/digitalna-verzija-antickog-grada-horeum-margi-uskoro-dostupna-gradanima-na-mobilnim-telefonima\/sastanak1\/'><img loading=\"lazy\" decoding=\"async\" width=\"1280\" height=\"622\" src=\"https:\/\/centralmedia.rs\/wp-content\/uploads\/2019\/09\/sastanak1.jpg\" class=\"attachment-full size-full\" alt=\"\" srcset=\"https:\/\/centralmedia.rs\/wp-content\/uploads\/2019\/09\/sastanak1.jpg 1280w, https:\/\/centralmedia.rs\/wp-content\/uploads\/2019\/09\/sastanak1-300x146.jpg 300w, https:\/\/centralmedia.rs\/wp-content\/uploads\/2019\/09\/sastanak1-768x373.jpg 768w, https:\/\/centralmedia.rs\/wp-content\/uploads\/2019\/09\/sastanak1-1024x498.jpg 1024w, https:\/\/centralmedia.rs\/wp-content\/uploads\/2019\/09\/sastanak1-864x420.jpg 864w, https:\/\/centralmedia.rs\/wp-content\/uploads\/2019\/09\/sastanak1-640x311.jpg 640w, https:\/\/centralmedia.rs\/wp-content\/uploads\/2019\/09\/sastanak1-681x331.jpg 681w\" sizes=\"(max-width: 1280px) 100vw, 1280px\" \/><\/a>\n\t\t\t<\/div><\/figure><figure class='gallery-item'>\n\t\t\t<div class='gallery-icon landscape'>\n\t\t\t\t<a href='https:\/\/centralmedia.rs\/index.php\/2019\/09\/05\/digitalna-verzija-antickog-grada-horeum-margi-uskoro-dostupna-gradanima-na-mobilnim-telefonima\/sastanak2\/'><img loading=\"lazy\" decoding=\"async\" width=\"1280\" height=\"622\" src=\"https:\/\/centralmedia.rs\/wp-content\/uploads\/2019\/09\/sastanak2.jpg\" class=\"attachment-full size-full\" alt=\"\" srcset=\"https:\/\/centralmedia.rs\/wp-content\/uploads\/2019\/09\/sastanak2.jpg 1280w, https:\/\/centralmedia.rs\/wp-content\/uploads\/2019\/09\/sastanak2-300x146.jpg 300w, https:\/\/centralmedia.rs\/wp-content\/uploads\/2019\/09\/sastanak2-768x373.jpg 768w, https:\/\/centralmedia.rs\/wp-content\/uploads\/2019\/09\/sastanak2-1024x498.jpg 1024w, https:\/\/centralmedia.rs\/wp-content\/uploads\/2019\/09\/sastanak2-864x420.jpg 864w, https:\/\/centralmedia.rs\/wp-content\/uploads\/2019\/09\/sastanak2-640x311.jpg 640w, https:\/\/centralmedia.rs\/wp-content\/uploads\/2019\/09\/sastanak2-681x331.jpg 681w\" sizes=\"(max-width: 1280px) 100vw, 1280px\" \/><\/a>\n\t\t\t<\/div><\/figure><figure class='gallery-item'>\n\t\t\t<div class='gallery-icon landscape'>\n\t\t\t\t<a href='https:\/\/centralmedia.rs\/index.php\/2019\/09\/05\/digitalna-verzija-antickog-grada-horeum-margi-uskoro-dostupna-gradanima-na-mobilnim-telefonima\/sastanak-3\/'><img loading=\"lazy\" decoding=\"async\" width=\"1280\" height=\"622\" src=\"https:\/\/centralmedia.rs\/wp-content\/uploads\/2019\/09\/sastanak.jpg\" class=\"attachment-full size-full\" alt=\"\" srcset=\"https:\/\/centralmedia.rs\/wp-content\/uploads\/2019\/09\/sastanak.jpg 1280w, https:\/\/centralmedia.rs\/wp-content\/uploads\/2019\/09\/sastanak-300x146.jpg 300w, https:\/\/centralmedia.rs\/wp-content\/uploads\/2019\/09\/sastanak-768x373.jpg 768w, https:\/\/centralmedia.rs\/wp-content\/uploads\/2019\/09\/sastanak-1024x498.jpg 1024w, https:\/\/centralmedia.rs\/wp-content\/uploads\/2019\/09\/sastanak-864x420.jpg 864w, https:\/\/centralmedia.rs\/wp-content\/uploads\/2019\/09\/sastanak-640x311.jpg 640w, https:\/\/centralmedia.rs\/wp-content\/uploads\/2019\/09\/sastanak-681x331.jpg 681w\" sizes=\"(max-width: 1280px) 100vw, 1280px\" \/><\/a>\n\t\t\t<\/div><\/figure>\n\t\t<\/div>\n\n<p>Direktor Muzeja Horeom Margi-Ravno Novak Novakovi\u0107 ocenio je da je projekat zna\u010daj jer \u0107e biti digitalizovan ve\u0107i deo kulturnog nasle\u0111a.<\/p>\n<p>&#8211; Bitan segment projekta je izlo\u017eba pro\u0161irene realnosti u kojoj se \u0161iroj javnosti predstavlja sam lokalitet, rezultati iskopavanja i vid naodgradnje, jer imamo animaciju mogu\u0107eg izgleda. U zna\u010dajnoj meri bi\u0107e dostupniji matrijal, kao i percepcija o anti\u010dkom gradu. Uradi\u0107emo sajt Muzeja i besplatnu aplikciju za mobilne telefone uz pomo\u0107 koje \u0107e gra\u0111ani sa nekoliko lokacija u gradu mo\u0107i da vide mogu\u0107i izgled anti\u010dkog grada, ka\u017ee Novakovi\u0107.<\/p>\n","protected":false},"excerpt":{"rendered":"<p>\u0106UPRIJA- Po\u010dela je realizacija projekta &#8220;Izlo\u017eba pro\u0161irene stvarnosti anti\u010dkog grada Horeum Margi&#8221; vrednog blizu 1,4 miliona dinara, koji se finansira preko Kabineta ministra bez portfelja &hellip; <\/p>\n","protected":false},"author":2,"featured_media":17768,"comment_status":"open","ping_status":"open","sticky":false,"template":"","format":"standard","meta":{"footnotes":""},"categories":[1515,1524,2,15,887,12],"tags":[44,4008,605,1401,4009],"_links":{"self":[{"href":"https:\/\/centralmedia.rs\/index.php\/wp-json\/wp\/v2\/posts\/19959"}],"collection":[{"href":"https:\/\/centralmedia.rs\/index.php\/wp-json\/wp\/v2\/posts"}],"about":[{"href":"https:\/\/centralmedia.rs\/index.php\/wp-json\/wp\/v2\/types\/post"}],"author":[{"embeddable":true,"href":"https:\/\/centralmedia.rs\/index.php\/wp-json\/wp\/v2\/users\/2"}],"replies":[{"embeddable":true,"href":"https:\/\/centralmedia.rs\/index.php\/wp-json\/wp\/v2\/comments?post=19959"}],"version-history":[{"count":1,"href":"https:\/\/centralmedia.rs\/index.php\/wp-json\/wp\/v2\/posts\/19959\/revisions"}],"predecessor-version":[{"id":19963,"href":"https:\/\/centralmedia.rs\/index.php\/wp-json\/wp\/v2\/posts\/19959\/revisions\/19963"}],"wp:featuredmedia":[{"embeddable":true,"href":"https:\/\/centralmedia.rs\/index.php\/wp-json\/wp\/v2\/media\/17768"}],"wp:attachment":[{"href":"https:\/\/centralmedia.rs\/index.php\/wp-json\/wp\/v2\/media?parent=19959"}],"wp:term":[{"taxonomy":"category","embeddable":true,"href":"https:\/\/centralmedia.rs\/index.php\/wp-json\/wp\/v2\/categories?post=19959"},{"taxonomy":"post_tag","embeddable":true,"href":"https:\/\/centralmedia.rs\/index.php\/wp-json\/wp\/v2\/tags?post=19959"}],"curies":[{"name":"wp","href":"https:\/\/api.w.org\/{rel}","templated":true}]}}