{"id":19971,"date":"2019-09-06T21:05:00","date_gmt":"2019-09-06T21:05:00","guid":{"rendered":"http:\/\/centralmedia.rs\/?p=19971"},"modified":"2019-09-13T01:26:49","modified_gmt":"2019-09-13T01:26:49","slug":"gradi-se-finalna-faza-puta-do-manastira-ravanica","status":"publish","type":"post","link":"https:\/\/centralmedia.rs\/index.php\/2019\/09\/06\/gradi-se-finalna-faza-puta-do-manastira-ravanica\/","title":{"rendered":"GRADI SE FINALNA FAZA PUTA DO MANASTIRA RAVANICA"},"content":{"rendered":"<p>\u0106UPRIJA- JP &#8220;Putevi Srbije&#8221; nastavili ovog leta, pro\u0161le godine zapo\u010detu rekonstrukciju regionalnog puta od \u0106uprije do manastira Ravanica. Finalna faza predvi\u0111a put kroz selo Senje do manastira, a ve\u0107 je izgra\u0111ena moderna saobra\u0107anica od \u0106uprije do Senja. Du\u017eina puta je blizu 10 kilometara.<\/p>\n<p><img loading=\"lazy\" decoding=\"async\" class=\"alignnone wp-image-19973 size-large\" src=\"http:\/\/centralmedia.rs\/wp-content\/uploads\/2019\/09\/20190831_095347-1024x600.jpg\" alt=\"\" width=\"640\" height=\"375\" srcset=\"https:\/\/centralmedia.rs\/wp-content\/uploads\/2019\/09\/20190831_095347-1024x600.jpg 1024w, https:\/\/centralmedia.rs\/wp-content\/uploads\/2019\/09\/20190831_095347-300x176.jpg 300w, https:\/\/centralmedia.rs\/wp-content\/uploads\/2019\/09\/20190831_095347-768x450.jpg 768w, https:\/\/centralmedia.rs\/wp-content\/uploads\/2019\/09\/20190831_095347-717x420.jpg 717w, https:\/\/centralmedia.rs\/wp-content\/uploads\/2019\/09\/20190831_095347-640x375.jpg 640w, https:\/\/centralmedia.rs\/wp-content\/uploads\/2019\/09\/20190831_095347-681x400.jpg 681w, https:\/\/centralmedia.rs\/wp-content\/uploads\/2019\/09\/20190831_095347.jpg 1050w\" sizes=\"(max-width: 640px) 100vw, 640px\" \/><\/p>\n<p>-Investicija je vredna oko dva miliona evra i relizuje se uz podr\u0161ku Vlade Srbije i predsednika Aleksandra Vu\u010di\u0107a. Re\u010d je o sprovo\u0111enju na\u0161e ideje u delo, odnosno razvijnje verskog turizma, isti\u010de predsednik te op\u0161tine Ninoslav Eri\u0107.<\/p>\n<p>Pored puta kros Senje do manastira Ravaniva, bi\u0107e izgra\u0111ena i dva parkinga, kao pe\u0161a\u010dka staza.<\/p>\n","protected":false},"excerpt":{"rendered":"<p>\u0106UPRIJA- JP &#8220;Putevi Srbije&#8221; nastavili ovog leta, pro\u0161le godine zapo\u010detu rekonstrukciju regionalnog puta od \u0106uprije do manastira Ravanica. Finalna faza predvi\u0111a put kroz selo Senje &hellip; <\/p>\n","protected":false},"author":2,"featured_media":19972,"comment_status":"open","ping_status":"open","sticky":false,"template":"","format":"standard","meta":{"footnotes":""},"categories":[1515,1524,2,887,16,12],"tags":[44,912,3151],"_links":{"self":[{"href":"https:\/\/centralmedia.rs\/index.php\/wp-json\/wp\/v2\/posts\/19971"}],"collection":[{"href":"https:\/\/centralmedia.rs\/index.php\/wp-json\/wp\/v2\/posts"}],"about":[{"href":"https:\/\/centralmedia.rs\/index.php\/wp-json\/wp\/v2\/types\/post"}],"author":[{"embeddable":true,"href":"https:\/\/centralmedia.rs\/index.php\/wp-json\/wp\/v2\/users\/2"}],"replies":[{"embeddable":true,"href":"https:\/\/centralmedia.rs\/index.php\/wp-json\/wp\/v2\/comments?post=19971"}],"version-history":[{"count":1,"href":"https:\/\/centralmedia.rs\/index.php\/wp-json\/wp\/v2\/posts\/19971\/revisions"}],"predecessor-version":[{"id":19974,"href":"https:\/\/centralmedia.rs\/index.php\/wp-json\/wp\/v2\/posts\/19971\/revisions\/19974"}],"wp:featuredmedia":[{"embeddable":true,"href":"https:\/\/centralmedia.rs\/index.php\/wp-json\/wp\/v2\/media\/19972"}],"wp:attachment":[{"href":"https:\/\/centralmedia.rs\/index.php\/wp-json\/wp\/v2\/media?parent=19971"}],"wp:term":[{"taxonomy":"category","embeddable":true,"href":"https:\/\/centralmedia.rs\/index.php\/wp-json\/wp\/v2\/categories?post=19971"},{"taxonomy":"post_tag","embeddable":true,"href":"https:\/\/centralmedia.rs\/index.php\/wp-json\/wp\/v2\/tags?post=19971"}],"curies":[{"name":"wp","href":"https:\/\/api.w.org\/{rel}","templated":true}]}}