{"id":20002,"date":"2019-09-10T13:40:00","date_gmt":"2019-09-10T13:40:00","guid":{"rendered":"http:\/\/centralmedia.rs\/?p=20002"},"modified":"2019-09-13T01:27:38","modified_gmt":"2019-09-13T01:27:38","slug":"dzez-vece-na-pocetku-krstovdanskih-svecanosti-big-band-rts-i-francesco-santucci","status":"publish","type":"post","link":"https:\/\/centralmedia.rs\/index.php\/2019\/09\/10\/dzez-vece-na-pocetku-krstovdanskih-svecanosti-big-band-rts-i-francesco-santucci\/","title":{"rendered":"D\u017dEZ VE\u010cE NA PO\u010cETKU KRSTOVDANSKIH SVE\u010cANOSTI &#8211; BIG BAND RTS I FRANCESCO SANTUCCI"},"content":{"rendered":"<p>PARA\u0106IN- U po\u010detku Krstovdanskih sve\u010danosti u Para\u0107inu je na manifestaciji &#8220;Jazz night&#8221; nastupio je Big Band RTS-a i maestralni solista RAI televizije Francesco Santucci. Publika je takodje imala prilike da u\u017eiva i u rasko\u0161nom glasu solistkinje Aleksandre Bjeli\u0107. Naredne subote je Etnofest, a 21. septembra De\u010diji karneval \u00a0i koncert Nata\u0161e Bekvalac.<\/p>\n","protected":false},"excerpt":{"rendered":"<p>PARA\u0106IN- U po\u010detku Krstovdanskih sve\u010danosti u Para\u0107inu je na manifestaciji &#8220;Jazz night&#8221; nastupio je Big Band RTS-a i maestralni solista RAI televizije Francesco Santucci. Publika &hellip; <\/p>\n","protected":false},"author":2,"featured_media":20003,"comment_status":"open","ping_status":"open","sticky":false,"template":"","format":"standard","meta":{"footnotes":""},"categories":[1524,2,15,1516,887,12],"tags":[4013,1213,156],"_links":{"self":[{"href":"https:\/\/centralmedia.rs\/index.php\/wp-json\/wp\/v2\/posts\/20002"}],"collection":[{"href":"https:\/\/centralmedia.rs\/index.php\/wp-json\/wp\/v2\/posts"}],"about":[{"href":"https:\/\/centralmedia.rs\/index.php\/wp-json\/wp\/v2\/types\/post"}],"author":[{"embeddable":true,"href":"https:\/\/centralmedia.rs\/index.php\/wp-json\/wp\/v2\/users\/2"}],"replies":[{"embeddable":true,"href":"https:\/\/centralmedia.rs\/index.php\/wp-json\/wp\/v2\/comments?post=20002"}],"version-history":[{"count":1,"href":"https:\/\/centralmedia.rs\/index.php\/wp-json\/wp\/v2\/posts\/20002\/revisions"}],"predecessor-version":[{"id":20004,"href":"https:\/\/centralmedia.rs\/index.php\/wp-json\/wp\/v2\/posts\/20002\/revisions\/20004"}],"wp:featuredmedia":[{"embeddable":true,"href":"https:\/\/centralmedia.rs\/index.php\/wp-json\/wp\/v2\/media\/20003"}],"wp:attachment":[{"href":"https:\/\/centralmedia.rs\/index.php\/wp-json\/wp\/v2\/media?parent=20002"}],"wp:term":[{"taxonomy":"category","embeddable":true,"href":"https:\/\/centralmedia.rs\/index.php\/wp-json\/wp\/v2\/categories?post=20002"},{"taxonomy":"post_tag","embeddable":true,"href":"https:\/\/centralmedia.rs\/index.php\/wp-json\/wp\/v2\/tags?post=20002"}],"curies":[{"name":"wp","href":"https:\/\/api.w.org\/{rel}","templated":true}]}}