{"id":20009,"date":"2019-09-12T00:10:34","date_gmt":"2019-09-12T00:10:34","guid":{"rendered":"http:\/\/centralmedia.rs\/?p=20009"},"modified":"2019-09-13T22:59:46","modified_gmt":"2019-09-13T22:59:46","slug":"nagrada-maticu-u-cast-urucena-jovanu-spasicu-iz-vlasotinca","status":"publish","type":"post","link":"https:\/\/centralmedia.rs\/index.php\/2019\/09\/12\/nagrada-maticu-u-cast-urucena-jovanu-spasicu-iz-vlasotinca\/","title":{"rendered":"NAGRADA &#8220;MATI\u0106U U \u010cAST&#8221; URU\u010cENA JOVANU SPASI\u0106U IZ VLASOTINCA"},"content":{"rendered":"<p>\u0106UPRIJA- U okviru 38. Mati\u0107evih dana u \u0106upiji sino\u0107 je u Muzeju Horeum Margi-Ravno uru\u010dena nagrada &#8220;Mati\u0107u u \u010dast&#8221; likovnom umetniku Jovanu Spasi\u0107u iz Vlasotinca za rad &#8220;Nemogu\u0107e bekstvo&#8221;. Ova nagrada je \u0161esti putu dodeljena na izlo\u017ebi dela koja je \u017eiri ocenjivao pristiglih na konkurs. Re\u010d je o jedinom likovnom konkursu u Pomoravlju i jedinom u Srbiji koji se bavi temom nadrealizma.<\/p>\n<p>&#8211; Prvi put u\u010destvujem na nekom od konkursa i prva nagrada. Nagrada mi je veoma zna\u010dajna i najbitnija od onih koje sam do sada dobio. Spadam u grupu mladih autora i ovo je potvrda mog dobrog puta. Bavim se portretima i psiholo\u0161kim stanjima. U ovom slu\u010daj to su autoportreti i portreti mojih prijatelja, koje sme\u0161tam u zanimljiv na\u010din, biraju\u0107i jak i \u010dist kolorit. Sa publikom iz \u0106uprije sam se upoznao pro\u0161le godine prilikom samostalne izlo\u017ebe mojih crte\u017ea, rekao je Spasi\u0107.<\/p>\n<div id='gallery-1' class='gallery galleryid-20009 gallery-columns-8 gallery-size-thumbnail'><figure class='gallery-item'>\n\t\t\t<div class='gallery-icon landscape'>\n\t\t\t\t<a href='https:\/\/centralmedia.rs\/index.php\/2019\/09\/12\/nagrada-maticu-u-cast-urucena-jovanu-spasicu-iz-vlasotinca\/matic-2\/'><img loading=\"lazy\" decoding=\"async\" width=\"150\" height=\"150\" src=\"https:\/\/centralmedia.rs\/wp-content\/uploads\/2019\/09\/matic-150x150.jpg\" class=\"attachment-thumbnail size-thumbnail\" alt=\"\" \/><\/a>\n\t\t\t<\/div><\/figure><figure class='gallery-item'>\n\t\t\t<div class='gallery-icon landscape'>\n\t\t\t\t<a href='https:\/\/centralmedia.rs\/index.php\/2019\/09\/12\/nagrada-maticu-u-cast-urucena-jovanu-spasicu-iz-vlasotinca\/matic1\/'><img loading=\"lazy\" decoding=\"async\" width=\"150\" height=\"150\" src=\"https:\/\/centralmedia.rs\/wp-content\/uploads\/2019\/09\/matic1-150x150.jpg\" class=\"attachment-thumbnail size-thumbnail\" alt=\"\" \/><\/a>\n\t\t\t<\/div><\/figure><figure class='gallery-item'>\n\t\t\t<div class='gallery-icon landscape'>\n\t\t\t\t<a href='https:\/\/centralmedia.rs\/index.php\/2019\/09\/12\/nagrada-maticu-u-cast-urucena-jovanu-spasicu-iz-vlasotinca\/matic2\/'><img loading=\"lazy\" decoding=\"async\" width=\"150\" height=\"150\" src=\"https:\/\/centralmedia.rs\/wp-content\/uploads\/2019\/09\/matic2-150x150.jpg\" class=\"attachment-thumbnail size-thumbnail\" alt=\"\" \/><\/a>\n\t\t\t<\/div><\/figure><figure class='gallery-item'>\n\t\t\t<div class='gallery-icon landscape'>\n\t\t\t\t<a href='https:\/\/centralmedia.rs\/index.php\/2019\/09\/12\/nagrada-maticu-u-cast-urucena-jovanu-spasicu-iz-vlasotinca\/matic3\/'><img loading=\"lazy\" decoding=\"async\" width=\"150\" height=\"150\" src=\"https:\/\/centralmedia.rs\/wp-content\/uploads\/2019\/09\/matic3-150x150.jpg\" class=\"attachment-thumbnail size-thumbnail\" alt=\"\" \/><\/a>\n\t\t\t<\/div><\/figure><figure class='gallery-item'>\n\t\t\t<div class='gallery-icon portrait'>\n\t\t\t\t<a href='https:\/\/centralmedia.rs\/index.php\/2019\/09\/12\/nagrada-maticu-u-cast-urucena-jovanu-spasicu-iz-vlasotinca\/momo\/'><img loading=\"lazy\" decoding=\"async\" width=\"150\" height=\"150\" src=\"https:\/\/centralmedia.rs\/wp-content\/uploads\/2019\/09\/momo-150x150.jpg\" class=\"attachment-thumbnail size-thumbnail\" alt=\"\" \/><\/a>\n\t\t\t<\/div><\/figure><figure class='gallery-item'>\n\t\t\t<div class='gallery-icon landscape'>\n\t\t\t\t<a href='https:\/\/centralmedia.rs\/index.php\/2019\/09\/12\/nagrada-maticu-u-cast-urucena-jovanu-spasicu-iz-vlasotinca\/muzej-6\/'><img loading=\"lazy\" decoding=\"async\" width=\"150\" height=\"150\" src=\"https:\/\/centralmedia.rs\/wp-content\/uploads\/2019\/09\/muzej-150x150.jpg\" class=\"attachment-thumbnail size-thumbnail\" alt=\"\" \/><\/a>\n\t\t\t<\/div><\/figure><figure class='gallery-item'>\n\t\t\t<div class='gallery-icon portrait'>\n\t\t\t\t<a href='https:\/\/centralmedia.rs\/index.php\/2019\/09\/12\/nagrada-maticu-u-cast-urucena-jovanu-spasicu-iz-vlasotinca\/nagrada1\/'><img loading=\"lazy\" decoding=\"async\" width=\"150\" height=\"150\" src=\"https:\/\/centralmedia.rs\/wp-content\/uploads\/2019\/09\/nagrada1-150x150.jpg\" class=\"attachment-thumbnail size-thumbnail\" alt=\"\" \/><\/a>\n\t\t\t<\/div><\/figure><figure class='gallery-item'>\n\t\t\t<div class='gallery-icon landscape'>\n\t\t\t\t<a href='https:\/\/centralmedia.rs\/index.php\/2019\/09\/12\/nagrada-maticu-u-cast-urucena-jovanu-spasicu-iz-vlasotinca\/novinari\/'><img loading=\"lazy\" decoding=\"async\" width=\"150\" height=\"150\" src=\"https:\/\/centralmedia.rs\/wp-content\/uploads\/2019\/09\/novinari-150x150.jpg\" class=\"attachment-thumbnail size-thumbnail\" alt=\"\" \/><\/a>\n\t\t\t<\/div><\/figure>\n\t\t<\/div>\n\n<p>Direktor Muzeja Novak Novakovi\u0107 je rekao da je pristiglo 60 radova 32 autora iz Srbije, Makedonije i Crne Gore, a \u017eiri je odabrao 23 rada od 20 autora.<\/p>\n<p>-Iz godinu u godinu, po kvalitetu i ozbiljnosti autora i radova konkurs je sve bolji, \u0161to zna\u010di da smo uspeli u realizaciji ideje i prepoznati smo od stvaraoca. Sve radove u razli\u010ditim tehnikama, poetikama i formama, \u00a0povezuje nit nadrealizma i Mati\u0107evog stvarala\u0161tva. Najuspe\u0161niji rad pored nagrade, od ove godine ima otkupni karakter i da \u0107e nagra\u0111eni rad biti sastavni deo umetnil\u010dke zbirke Muzeja, istakao je on.<\/p>\n<p>Mladi umetnik je dobio i nagradu Biblioteke Du\u0161an Mati\u0107.<\/p>\n","protected":false},"excerpt":{"rendered":"<p>\u0106UPRIJA- U okviru 38. Mati\u0107evih dana u \u0106upiji sino\u0107 je u Muzeju Horeum Margi-Ravno uru\u010dena nagrada &#8220;Mati\u0107u u \u010dast&#8221; likovnom umetniku Jovanu Spasi\u0107u iz Vlasotinca &hellip; <\/p>\n","protected":false},"author":2,"featured_media":20010,"comment_status":"open","ping_status":"open","sticky":false,"template":"","format":"standard","meta":{"footnotes":""},"categories":[1515,1524,2,15,887,12],"tags":[44,1202],"_links":{"self":[{"href":"https:\/\/centralmedia.rs\/index.php\/wp-json\/wp\/v2\/posts\/20009"}],"collection":[{"href":"https:\/\/centralmedia.rs\/index.php\/wp-json\/wp\/v2\/posts"}],"about":[{"href":"https:\/\/centralmedia.rs\/index.php\/wp-json\/wp\/v2\/types\/post"}],"author":[{"embeddable":true,"href":"https:\/\/centralmedia.rs\/index.php\/wp-json\/wp\/v2\/users\/2"}],"replies":[{"embeddable":true,"href":"https:\/\/centralmedia.rs\/index.php\/wp-json\/wp\/v2\/comments?post=20009"}],"version-history":[{"count":1,"href":"https:\/\/centralmedia.rs\/index.php\/wp-json\/wp\/v2\/posts\/20009\/revisions"}],"predecessor-version":[{"id":20019,"href":"https:\/\/centralmedia.rs\/index.php\/wp-json\/wp\/v2\/posts\/20009\/revisions\/20019"}],"wp:featuredmedia":[{"embeddable":true,"href":"https:\/\/centralmedia.rs\/index.php\/wp-json\/wp\/v2\/media\/20010"}],"wp:attachment":[{"href":"https:\/\/centralmedia.rs\/index.php\/wp-json\/wp\/v2\/media?parent=20009"}],"wp:term":[{"taxonomy":"category","embeddable":true,"href":"https:\/\/centralmedia.rs\/index.php\/wp-json\/wp\/v2\/categories?post=20009"},{"taxonomy":"post_tag","embeddable":true,"href":"https:\/\/centralmedia.rs\/index.php\/wp-json\/wp\/v2\/tags?post=20009"}],"curies":[{"name":"wp","href":"https:\/\/api.w.org\/{rel}","templated":true}]}}