{"id":20034,"date":"2019-09-12T17:46:07","date_gmt":"2019-09-12T17:46:07","guid":{"rendered":"http:\/\/centralmedia.rs\/?p=20034"},"modified":"2019-09-13T23:00:34","modified_gmt":"2019-09-13T23:00:34","slug":"otpusteni-sa-fejsa-dobijaju-pomoc-iz-jagodine","status":"publish","type":"post","link":"https:\/\/centralmedia.rs\/index.php\/2019\/09\/12\/otpusteni-sa-fejsa-dobijaju-pomoc-iz-jagodine\/","title":{"rendered":"OTPU\u0160TENI SA FEJSA DOBIJAJU POMO\u0106 IZ JAGODINE"},"content":{"rendered":"<p>JAGODINA- Organizacija Bunt-Prava Jagodina najavilo je da \u0107e na svaki na\u010din pomagati &#8220;borbu&#8221; otpu\u0161tenih radnika Srpske fabrike stakla u &#8220;la\u017enom&#8221; ste\u010daju tog preduze\u0107a da ostvare svoja prava i vrate se na posao. To ukulju\u010duje moralnu podr\u0161ku, ali u\u010destvovanju u aktivnostima otpu\u0161tenih radnika, kao svaku drugu potrebnu pomo\u0107.<\/p>\n<p>&#8211; Pre par godina kada se u Jagodini gasila \u010duvena Jagodinska pivara nismo postojali kao organizacija, ali su \u010delnici na\u0161e organizacije kao pojedinci uzeli u\u010de\u0161\u0107e u protestima i stali uz prevarene radnike i dali im podr\u0161ku. Isti takav problem danas imaju radnici Srpske fabrike stakla u Para\u0107inu, rekao je u rezogovoru sa Otpu\u0161tenima preko fejsa predsednik Bunt &#8211; Prave Jagodine, Du\u0161an Markovi\u0107, u Para\u0107inu. On je na sastanku sa predstavnicima otpu\u0161tenih radnika Srpske fabrike stakla, koji su zbog nemara i bahatosti rukovodstva ovog para\u0107inskog giganta, zbog &#8220;la\u017enog&#8221; ste\u010daja, ostali bez radnih mesta i bez prava na socijalni program.<\/p>\n<p>&#8211; Ostav\u0161i bez prava na ikakvu \u017ealbu preostala im je borba za njihova prava. To je borba za prava 300 otpu\u0161tenih radnika Srpske fabrike stakla i njihovih porodica, a ujedno i borba za prava 500 radnika koji za sada jo\u0161 uvek rade u nehumanim uslovima, podsetio je Markovi\u0107 i dodao \u00a0da Bunt &#8211; Prava Jagodina, kao dru\u0161tveno odgovorna organizacija, ne\u0107e sedeti skr\u0161tenih ruku ve\u0107 \u0107e se priklju\u010diti borbi para\u0107inskih Staklara i jasno i glasno stati u odbranu njihovih interesa.<\/p>\n<p>-Ovo je samo jedan u nizu primera kako nemar predhodnih vlasti izgleda danas u praksi i kolika je stopa nezainteresovanosti sada\u0161nje vlasti za re\u0161avanje ovih, po Para\u0107in i para\u0107inske Staklarce, krucijalnih pitanja po \u017eivot i opstanak, zaklju\u010dio je on.<\/p>\n<p>Markovi\u0107 je predsednik Studentske organizacije Univerziteta u Kragujevcu i visoko pozicionirani funkcioner Ravnogorskog pokreta.<\/p>\n","protected":false},"excerpt":{"rendered":"<p>JAGODINA- Organizacija Bunt-Prava Jagodina najavilo je da \u0107e na svaki na\u010din pomagati &#8220;borbu&#8221; otpu\u0161tenih radnika Srpske fabrike stakla u &#8220;la\u017enom&#8221; ste\u010daju tog preduze\u0107a da ostvare &hellip; <\/p>\n","protected":false},"author":2,"featured_media":20037,"comment_status":"open","ping_status":"open","sticky":false,"template":"","format":"standard","meta":{"footnotes":""},"categories":[1524,2,1516,13,887,12],"tags":[4018,3496,156],"_links":{"self":[{"href":"https:\/\/centralmedia.rs\/index.php\/wp-json\/wp\/v2\/posts\/20034"}],"collection":[{"href":"https:\/\/centralmedia.rs\/index.php\/wp-json\/wp\/v2\/posts"}],"about":[{"href":"https:\/\/centralmedia.rs\/index.php\/wp-json\/wp\/v2\/types\/post"}],"author":[{"embeddable":true,"href":"https:\/\/centralmedia.rs\/index.php\/wp-json\/wp\/v2\/users\/2"}],"replies":[{"embeddable":true,"href":"https:\/\/centralmedia.rs\/index.php\/wp-json\/wp\/v2\/comments?post=20034"}],"version-history":[{"count":1,"href":"https:\/\/centralmedia.rs\/index.php\/wp-json\/wp\/v2\/posts\/20034\/revisions"}],"predecessor-version":[{"id":20038,"href":"https:\/\/centralmedia.rs\/index.php\/wp-json\/wp\/v2\/posts\/20034\/revisions\/20038"}],"wp:featuredmedia":[{"embeddable":true,"href":"https:\/\/centralmedia.rs\/index.php\/wp-json\/wp\/v2\/media\/20037"}],"wp:attachment":[{"href":"https:\/\/centralmedia.rs\/index.php\/wp-json\/wp\/v2\/media?parent=20034"}],"wp:term":[{"taxonomy":"category","embeddable":true,"href":"https:\/\/centralmedia.rs\/index.php\/wp-json\/wp\/v2\/categories?post=20034"},{"taxonomy":"post_tag","embeddable":true,"href":"https:\/\/centralmedia.rs\/index.php\/wp-json\/wp\/v2\/tags?post=20034"}],"curies":[{"name":"wp","href":"https:\/\/api.w.org\/{rel}","templated":true}]}}