{"id":2005,"date":"2016-02-01T21:15:21","date_gmt":"2016-02-01T21:15:21","guid":{"rendered":"http:\/\/centralmedia.rs\/?p=2005"},"modified":"2016-02-01T21:15:21","modified_gmt":"2016-02-01T21:15:21","slug":"kulturni-centar-opasnost-po-gradane-i-automobile","status":"publish","type":"post","link":"https:\/\/centralmedia.rs\/index.php\/2016\/02\/01\/kulturni-centar-opasnost-po-gradane-i-automobile\/","title":{"rendered":"KULTURNI CENTAR &#8211; OPASNOST PO GRA\u0110ANE I AUTOMOBILE"},"content":{"rendered":"<p>JAGODINA-Devastirani objekat ,,velike sale\u201c Kulturnog centra u Jagodini postao je prava pretnja po \u017eivote gra\u0111ana i njihovu imovinu, koji prolaze centrom grada, jer pored obru\u0161avanja fasade pretnja su i neza\u0161ti\u0107eni komunalni otvori po putu.<br \/>\n<a href=\"https:\/\/centralmedia.rs\/wp-content\/uploads\/2016\/02\/kulturni-centar-jagodina-g.j.-1.jpg\" rel=\"attachment wp-att-2007\"><img loading=\"lazy\" decoding=\"async\" src=\"https:\/\/centralmedia.rs\/wp-content\/uploads\/2016\/02\/kulturni-centar-jagodina-g.j.-1-300x225.jpg\" alt=\"kulturni centar-jagodina-g.j. (1)\" width=\"300\" height=\"225\" class=\"alignnone size-medium wp-image-2007\" srcset=\"https:\/\/centralmedia.rs\/wp-content\/uploads\/2016\/02\/kulturni-centar-jagodina-g.j.-1-300x225.jpg 300w, https:\/\/centralmedia.rs\/wp-content\/uploads\/2016\/02\/kulturni-centar-jagodina-g.j.-1-768x576.jpg 768w, https:\/\/centralmedia.rs\/wp-content\/uploads\/2016\/02\/kulturni-centar-jagodina-g.j.-1-80x60.jpg 80w, https:\/\/centralmedia.rs\/wp-content\/uploads\/2016\/02\/kulturni-centar-jagodina-g.j.-1-265x198.jpg 265w, https:\/\/centralmedia.rs\/wp-content\/uploads\/2016\/02\/kulturni-centar-jagodina-g.j.-1.jpg 900w\" sizes=\"(max-width: 300px) 100vw, 300px\" \/><\/a> Parkiraju\u0107i automobil, nesre\u0107ni voza\u010d upao je u podrumski otvor velike sale.<br \/>\n<a href=\"https:\/\/centralmedia.rs\/wp-content\/uploads\/2016\/02\/kulturni-centar-jagodina-g.j..jpg\" rel=\"attachment wp-att-2008\"><img loading=\"lazy\" decoding=\"async\" src=\"https:\/\/centralmedia.rs\/wp-content\/uploads\/2016\/02\/kulturni-centar-jagodina-g.j.-300x225.jpg\" alt=\"kulturni centar-jagodina-g.j.\" width=\"300\" height=\"225\" class=\"alignnone size-medium wp-image-2008\" srcset=\"https:\/\/centralmedia.rs\/wp-content\/uploads\/2016\/02\/kulturni-centar-jagodina-g.j.-300x225.jpg 300w, https:\/\/centralmedia.rs\/wp-content\/uploads\/2016\/02\/kulturni-centar-jagodina-g.j.-768x576.jpg 768w, https:\/\/centralmedia.rs\/wp-content\/uploads\/2016\/02\/kulturni-centar-jagodina-g.j.-80x60.jpg 80w, https:\/\/centralmedia.rs\/wp-content\/uploads\/2016\/02\/kulturni-centar-jagodina-g.j.-265x198.jpg 265w, https:\/\/centralmedia.rs\/wp-content\/uploads\/2016\/02\/kulturni-centar-jagodina-g.j..jpg 900w\" sizes=\"(max-width: 300px) 100vw, 300px\" \/><\/a>Rupa  povr\u0161ine 2 kvadrata nije obele\u017eena, neko je ukrao gvozdenu re\u0161etku.  Nekoliko metara od te rupe nalazi se jo\u0161 jedan neza\u0161ti\u0107eni komunalni otvor, koji je \u010desto zamka za voza\u010de koji \u017eele da se parkiraju.  Na\u017elost rukovodstvo Kulturnog centra ni\u0161ta ne preduzima da za\u0161tite \u017eivoti gra\u0111ana i njihova imovina.        <\/p>\n","protected":false},"excerpt":{"rendered":"<p>JAGODINA-Devastirani objekat ,,velike sale\u201c Kulturnog centra u Jagodini postao je prava pretnja po \u017eivote gra\u0111ana i njihovu imovinu, koji prolaze centrom grada, jer pored obru\u0161avanja &hellip; <\/p>\n","protected":false},"author":4,"featured_media":2006,"comment_status":"open","ping_status":"open","sticky":false,"template":"","format":"standard","meta":{"footnotes":""},"categories":[2,15,12],"tags":[58,342,341],"_links":{"self":[{"href":"https:\/\/centralmedia.rs\/index.php\/wp-json\/wp\/v2\/posts\/2005"}],"collection":[{"href":"https:\/\/centralmedia.rs\/index.php\/wp-json\/wp\/v2\/posts"}],"about":[{"href":"https:\/\/centralmedia.rs\/index.php\/wp-json\/wp\/v2\/types\/post"}],"author":[{"embeddable":true,"href":"https:\/\/centralmedia.rs\/index.php\/wp-json\/wp\/v2\/users\/4"}],"replies":[{"embeddable":true,"href":"https:\/\/centralmedia.rs\/index.php\/wp-json\/wp\/v2\/comments?post=2005"}],"version-history":[{"count":0,"href":"https:\/\/centralmedia.rs\/index.php\/wp-json\/wp\/v2\/posts\/2005\/revisions"}],"wp:featuredmedia":[{"embeddable":true,"href":"https:\/\/centralmedia.rs\/index.php\/wp-json\/wp\/v2\/media\/2006"}],"wp:attachment":[{"href":"https:\/\/centralmedia.rs\/index.php\/wp-json\/wp\/v2\/media?parent=2005"}],"wp:term":[{"taxonomy":"category","embeddable":true,"href":"https:\/\/centralmedia.rs\/index.php\/wp-json\/wp\/v2\/categories?post=2005"},{"taxonomy":"post_tag","embeddable":true,"href":"https:\/\/centralmedia.rs\/index.php\/wp-json\/wp\/v2\/tags?post=2005"}],"curies":[{"name":"wp","href":"https:\/\/api.w.org\/{rel}","templated":true}]}}