{"id":20056,"date":"2019-09-13T00:54:16","date_gmt":"2019-09-13T00:54:16","guid":{"rendered":"http:\/\/centralmedia.rs\/?p=20056"},"modified":"2019-09-13T23:01:22","modified_gmt":"2019-09-13T23:01:22","slug":"cuprija-veliko-gradiliste","status":"publish","type":"post","link":"https:\/\/centralmedia.rs\/index.php\/2019\/09\/13\/cuprija-veliko-gradiliste\/","title":{"rendered":"\u0106UPRIJA VELIKO GRADILI\u0160TE"},"content":{"rendered":"<p>\u0106UPRIJA- Zapo\u010deta je rekonstrukcija zgrade PIO fonda u \u0106upriji povr\u0161ine blizu 4.500 kvadrata, a rok za zavr\u0161etak radova je maj slede\u0107e godine. Projekat predvi\u0111a kompletnu rekonstrukciju i zato \u0107e radovi trajati vi\u0161e meseci. Re\u010d\u00a0 je objektu koji nije gra\u0111evinski rekonstruisan du\u017ei niz godina i ovi radovi bi trebali, pored zamene instalacija, da osavremene zgradu i u smislu energetske efikasnosti. Pored zgrade PIO, u toku je rekonstrukcija Gimnazije, Sokolskog doma i sportskih terena, najavljena je rekonstrukcija biv\u0161eg objekta 22. decembar, radi se Atletski centar, u toku su radovi na gasovodu, rekonstrukciji vodovodne mre\u017ee i trotoara.<\/p>\n<div id='gallery-1' class='gallery galleryid-20056 gallery-columns-3 gallery-size-full'><figure class='gallery-item'>\n\t\t\t<div class='gallery-icon landscape'>\n\t\t\t\t<a href='https:\/\/centralmedia.rs\/index.php\/2019\/09\/13\/cuprija-veliko-gradiliste\/pio\/'><img loading=\"lazy\" decoding=\"async\" width=\"1280\" height=\"622\" src=\"https:\/\/centralmedia.rs\/wp-content\/uploads\/2019\/09\/pio.jpg\" class=\"attachment-full size-full\" alt=\"\" srcset=\"https:\/\/centralmedia.rs\/wp-content\/uploads\/2019\/09\/pio.jpg 1280w, https:\/\/centralmedia.rs\/wp-content\/uploads\/2019\/09\/pio-300x146.jpg 300w, https:\/\/centralmedia.rs\/wp-content\/uploads\/2019\/09\/pio-768x373.jpg 768w, https:\/\/centralmedia.rs\/wp-content\/uploads\/2019\/09\/pio-1024x498.jpg 1024w, https:\/\/centralmedia.rs\/wp-content\/uploads\/2019\/09\/pio-864x420.jpg 864w, https:\/\/centralmedia.rs\/wp-content\/uploads\/2019\/09\/pio-640x311.jpg 640w, https:\/\/centralmedia.rs\/wp-content\/uploads\/2019\/09\/pio-681x331.jpg 681w\" sizes=\"(max-width: 1280px) 100vw, 1280px\" \/><\/a>\n\t\t\t<\/div><\/figure><figure class='gallery-item'>\n\t\t\t<div class='gallery-icon landscape'>\n\t\t\t\t<a href='https:\/\/centralmedia.rs\/index.php\/2019\/09\/13\/cuprija-veliko-gradiliste\/pio1\/'><img loading=\"lazy\" decoding=\"async\" width=\"1280\" height=\"622\" src=\"https:\/\/centralmedia.rs\/wp-content\/uploads\/2019\/09\/pio1.jpg\" class=\"attachment-full size-full\" alt=\"\" srcset=\"https:\/\/centralmedia.rs\/wp-content\/uploads\/2019\/09\/pio1.jpg 1280w, https:\/\/centralmedia.rs\/wp-content\/uploads\/2019\/09\/pio1-300x146.jpg 300w, https:\/\/centralmedia.rs\/wp-content\/uploads\/2019\/09\/pio1-768x373.jpg 768w, https:\/\/centralmedia.rs\/wp-content\/uploads\/2019\/09\/pio1-1024x498.jpg 1024w, https:\/\/centralmedia.rs\/wp-content\/uploads\/2019\/09\/pio1-864x420.jpg 864w, https:\/\/centralmedia.rs\/wp-content\/uploads\/2019\/09\/pio1-640x311.jpg 640w, https:\/\/centralmedia.rs\/wp-content\/uploads\/2019\/09\/pio1-681x331.jpg 681w\" sizes=\"(max-width: 1280px) 100vw, 1280px\" \/><\/a>\n\t\t\t<\/div><\/figure><figure class='gallery-item'>\n\t\t\t<div class='gallery-icon landscape'>\n\t\t\t\t<a href='https:\/\/centralmedia.rs\/index.php\/2019\/09\/13\/cuprija-veliko-gradiliste\/pio3\/'><img loading=\"lazy\" decoding=\"async\" width=\"1280\" height=\"622\" src=\"https:\/\/centralmedia.rs\/wp-content\/uploads\/2019\/09\/pio3.jpg\" class=\"attachment-full size-full\" alt=\"\" srcset=\"https:\/\/centralmedia.rs\/wp-content\/uploads\/2019\/09\/pio3.jpg 1280w, https:\/\/centralmedia.rs\/wp-content\/uploads\/2019\/09\/pio3-300x146.jpg 300w, https:\/\/centralmedia.rs\/wp-content\/uploads\/2019\/09\/pio3-768x373.jpg 768w, https:\/\/centralmedia.rs\/wp-content\/uploads\/2019\/09\/pio3-1024x498.jpg 1024w, https:\/\/centralmedia.rs\/wp-content\/uploads\/2019\/09\/pio3-864x420.jpg 864w, https:\/\/centralmedia.rs\/wp-content\/uploads\/2019\/09\/pio3-640x311.jpg 640w, https:\/\/centralmedia.rs\/wp-content\/uploads\/2019\/09\/pio3-681x331.jpg 681w\" sizes=\"(max-width: 1280px) 100vw, 1280px\" \/><\/a>\n\t\t\t<\/div><\/figure>\n\t\t<\/div>\n\n","protected":false},"excerpt":{"rendered":"<p>\u0106UPRIJA- Zapo\u010deta je rekonstrukcija zgrade PIO fonda u \u0106upriji povr\u0161ine blizu 4.500 kvadrata, a rok za zavr\u0161etak radova je maj slede\u0107e godine. Projekat predvi\u0111a kompletnu &hellip; <\/p>\n","protected":false},"author":2,"featured_media":20057,"comment_status":"open","ping_status":"open","sticky":false,"template":"","format":"standard","meta":{"footnotes":""},"categories":[1515,1524,2,887,16,12],"tags":[44,4025,1280],"_links":{"self":[{"href":"https:\/\/centralmedia.rs\/index.php\/wp-json\/wp\/v2\/posts\/20056"}],"collection":[{"href":"https:\/\/centralmedia.rs\/index.php\/wp-json\/wp\/v2\/posts"}],"about":[{"href":"https:\/\/centralmedia.rs\/index.php\/wp-json\/wp\/v2\/types\/post"}],"author":[{"embeddable":true,"href":"https:\/\/centralmedia.rs\/index.php\/wp-json\/wp\/v2\/users\/2"}],"replies":[{"embeddable":true,"href":"https:\/\/centralmedia.rs\/index.php\/wp-json\/wp\/v2\/comments?post=20056"}],"version-history":[{"count":1,"href":"https:\/\/centralmedia.rs\/index.php\/wp-json\/wp\/v2\/posts\/20056\/revisions"}],"predecessor-version":[{"id":20061,"href":"https:\/\/centralmedia.rs\/index.php\/wp-json\/wp\/v2\/posts\/20056\/revisions\/20061"}],"wp:featuredmedia":[{"embeddable":true,"href":"https:\/\/centralmedia.rs\/index.php\/wp-json\/wp\/v2\/media\/20057"}],"wp:attachment":[{"href":"https:\/\/centralmedia.rs\/index.php\/wp-json\/wp\/v2\/media?parent=20056"}],"wp:term":[{"taxonomy":"category","embeddable":true,"href":"https:\/\/centralmedia.rs\/index.php\/wp-json\/wp\/v2\/categories?post=20056"},{"taxonomy":"post_tag","embeddable":true,"href":"https:\/\/centralmedia.rs\/index.php\/wp-json\/wp\/v2\/tags?post=20056"}],"curies":[{"name":"wp","href":"https:\/\/api.w.org\/{rel}","templated":true}]}}