{"id":20064,"date":"2019-09-13T01:16:42","date_gmt":"2019-09-13T01:16:42","guid":{"rendered":"http:\/\/centralmedia.rs\/?p=20064"},"modified":"2019-09-13T23:01:47","modified_gmt":"2019-09-13T23:01:47","slug":"dan-bez-automobila-u-svilajncu-2","status":"publish","type":"post","link":"https:\/\/centralmedia.rs\/index.php\/2019\/09\/13\/dan-bez-automobila-u-svilajncu-2\/","title":{"rendered":"DAN BEZ AUTOMOBILA U SVILAJNCU"},"content":{"rendered":"<p>SVILAJNAC- U okviru Evropske nedelje mobilnosti, u op\u0161tini Svilajnac \u0107e se obele\u017eiti Dan bez automobila u nedelju 15. septembra 2019. godine od 11 \u010dasova. Okupljanje je u 11 \u010dasova u Parku evropskog prijateljstva, odakle \u0107e u\u010desnici na biciklama, rolerima i trotinetima \u00a0krenuti u tradicionalnu vo\u017enju gradskim ulicama od 12:00 \u010dasova, \u010dime \u0107e se obele\u017eiti Dan bez automobila.<\/p>\n<div id='gallery-1' class='gallery galleryid-20064 gallery-columns-2 gallery-size-full'><figure class='gallery-item'>\n\t\t\t<div class='gallery-icon portrait'>\n\t\t\t\t<a href='https:\/\/centralmedia.rs\/index.php\/2019\/09\/13\/dan-bez-automobila-u-svilajncu-2\/dan-bez-automobila-2\/'><img loading=\"lazy\" decoding=\"async\" width=\"676\" height=\"960\" src=\"https:\/\/centralmedia.rs\/wp-content\/uploads\/2019\/09\/dan-bez-automobila.jpg\" class=\"attachment-full size-full\" alt=\"\" srcset=\"https:\/\/centralmedia.rs\/wp-content\/uploads\/2019\/09\/dan-bez-automobila.jpg 676w, https:\/\/centralmedia.rs\/wp-content\/uploads\/2019\/09\/dan-bez-automobila-211x300.jpg 211w, https:\/\/centralmedia.rs\/wp-content\/uploads\/2019\/09\/dan-bez-automobila-296x420.jpg 296w, https:\/\/centralmedia.rs\/wp-content\/uploads\/2019\/09\/dan-bez-automobila-640x909.jpg 640w\" sizes=\"(max-width: 676px) 100vw, 676px\" \/><\/a>\n\t\t\t<\/div><\/figure><figure class='gallery-item'>\n\t\t\t<div class='gallery-icon portrait'>\n\t\t\t\t<a href='https:\/\/centralmedia.rs\/index.php\/2019\/09\/13\/dan-bez-automobila-u-svilajncu-2\/dan-bez-automobila1\/'><img loading=\"lazy\" decoding=\"async\" width=\"676\" height=\"960\" src=\"https:\/\/centralmedia.rs\/wp-content\/uploads\/2019\/09\/dan-bez-automobila1.jpg\" class=\"attachment-full size-full\" alt=\"\" srcset=\"https:\/\/centralmedia.rs\/wp-content\/uploads\/2019\/09\/dan-bez-automobila1.jpg 676w, https:\/\/centralmedia.rs\/wp-content\/uploads\/2019\/09\/dan-bez-automobila1-211x300.jpg 211w, https:\/\/centralmedia.rs\/wp-content\/uploads\/2019\/09\/dan-bez-automobila1-296x420.jpg 296w, https:\/\/centralmedia.rs\/wp-content\/uploads\/2019\/09\/dan-bez-automobila1-640x909.jpg 640w\" sizes=\"(max-width: 676px) 100vw, 676px\" \/><\/a>\n\t\t\t<\/div><\/figure>\n\t\t<\/div>\n\n","protected":false},"excerpt":{"rendered":"<p>SVILAJNAC- U okviru Evropske nedelje mobilnosti, u op\u0161tini Svilajnac \u0107e se obele\u017eiti Dan bez automobila u nedelju 15. septembra 2019. godine od 11 \u010dasova. Okupljanje &hellip; <\/p>\n","protected":false},"author":2,"featured_media":9594,"comment_status":"open","ping_status":"open","sticky":false,"template":"","format":"standard","meta":{"footnotes":""},"categories":[1524,2,887,21,12,1517],"tags":[1263,38],"_links":{"self":[{"href":"https:\/\/centralmedia.rs\/index.php\/wp-json\/wp\/v2\/posts\/20064"}],"collection":[{"href":"https:\/\/centralmedia.rs\/index.php\/wp-json\/wp\/v2\/posts"}],"about":[{"href":"https:\/\/centralmedia.rs\/index.php\/wp-json\/wp\/v2\/types\/post"}],"author":[{"embeddable":true,"href":"https:\/\/centralmedia.rs\/index.php\/wp-json\/wp\/v2\/users\/2"}],"replies":[{"embeddable":true,"href":"https:\/\/centralmedia.rs\/index.php\/wp-json\/wp\/v2\/comments?post=20064"}],"version-history":[{"count":1,"href":"https:\/\/centralmedia.rs\/index.php\/wp-json\/wp\/v2\/posts\/20064\/revisions"}],"predecessor-version":[{"id":20067,"href":"https:\/\/centralmedia.rs\/index.php\/wp-json\/wp\/v2\/posts\/20064\/revisions\/20067"}],"wp:featuredmedia":[{"embeddable":true,"href":"https:\/\/centralmedia.rs\/index.php\/wp-json\/wp\/v2\/media\/9594"}],"wp:attachment":[{"href":"https:\/\/centralmedia.rs\/index.php\/wp-json\/wp\/v2\/media?parent=20064"}],"wp:term":[{"taxonomy":"category","embeddable":true,"href":"https:\/\/centralmedia.rs\/index.php\/wp-json\/wp\/v2\/categories?post=20064"},{"taxonomy":"post_tag","embeddable":true,"href":"https:\/\/centralmedia.rs\/index.php\/wp-json\/wp\/v2\/tags?post=20064"}],"curies":[{"name":"wp","href":"https:\/\/api.w.org\/{rel}","templated":true}]}}