{"id":20073,"date":"2019-09-13T14:55:53","date_gmt":"2019-09-13T14:55:53","guid":{"rendered":"http:\/\/centralmedia.rs\/?p=20073"},"modified":"2019-09-18T14:37:15","modified_gmt":"2019-09-18T14:37:15","slug":"maticev-sal-aleksandri-batinic","status":"publish","type":"post","link":"https:\/\/centralmedia.rs\/index.php\/2019\/09\/13\/maticev-sal-aleksandri-batinic\/","title":{"rendered":"MATI\u0106EV \u0160AL ALEKSANDRI BATINI\u0106"},"content":{"rendered":"<p>\u0106UPRIJA- Nagrada &#8220;Mati\u0107ev \u0161al&#8221; danas je u Biblioteci Du\u0161an Mati\u0107 u \u0106upriji uru\u010dena Aleksandri Batini\u0107 iz Smederevske Palanke za knjigu pesama &#8220;Antikvitera&#8221; u izdanju Brankovog kola iz Sremskih Karlovaca. Ona je pre par dana za istu knjugu ponela nagradu Stra\u017eilovo.<\/p>\n<p>-Knjiga Atikvitera govori o posebnom ose\u0107aju za ono\u0161to bi smo danas svrstali u kategoriju poezija. Samo promena je stalna, rekao je predsednik \u017eijira Zoran Bognar.<\/p>\n<div id='gallery-1' class='gallery galleryid-20073 gallery-columns-5 gallery-size-thumbnail'><figure class='gallery-item'>\n\t\t\t<div class='gallery-icon portrait'>\n\t\t\t\t<a href='https:\/\/centralmedia.rs\/index.php\/2019\/09\/13\/maticev-sal-aleksandri-batinic\/maticev-sal1\/'><img loading=\"lazy\" decoding=\"async\" width=\"150\" height=\"150\" src=\"https:\/\/centralmedia.rs\/wp-content\/uploads\/2019\/09\/maticev-sal1-150x150.jpg\" class=\"attachment-thumbnail size-thumbnail\" alt=\"\" \/><\/a>\n\t\t\t<\/div><\/figure><figure class='gallery-item'>\n\t\t\t<div class='gallery-icon landscape'>\n\t\t\t\t<a href='https:\/\/centralmedia.rs\/index.php\/2019\/09\/13\/maticev-sal-aleksandri-batinic\/maticev-sal2\/'><img loading=\"lazy\" decoding=\"async\" width=\"150\" height=\"150\" src=\"https:\/\/centralmedia.rs\/wp-content\/uploads\/2019\/09\/maticev-sal2-150x150.jpg\" class=\"attachment-thumbnail size-thumbnail\" alt=\"\" \/><\/a>\n\t\t\t<\/div><\/figure><figure class='gallery-item'>\n\t\t\t<div class='gallery-icon landscape'>\n\t\t\t\t<a href='https:\/\/centralmedia.rs\/index.php\/2019\/09\/13\/maticev-sal-aleksandri-batinic\/maticev-sal3\/'><img loading=\"lazy\" decoding=\"async\" width=\"150\" height=\"150\" src=\"https:\/\/centralmedia.rs\/wp-content\/uploads\/2019\/09\/maticev-sal3-150x150.jpg\" class=\"attachment-thumbnail size-thumbnail\" alt=\"\" \/><\/a>\n\t\t\t<\/div><\/figure><figure class='gallery-item'>\n\t\t\t<div class='gallery-icon landscape'>\n\t\t\t\t<a href='https:\/\/centralmedia.rs\/index.php\/2019\/09\/13\/maticev-sal-aleksandri-batinic\/maticev-sal4\/'><img loading=\"lazy\" decoding=\"async\" width=\"150\" height=\"150\" src=\"https:\/\/centralmedia.rs\/wp-content\/uploads\/2019\/09\/maticev-sal4-150x150.jpg\" class=\"attachment-thumbnail size-thumbnail\" alt=\"\" \/><\/a>\n\t\t\t<\/div><\/figure><figure class='gallery-item'>\n\t\t\t<div class='gallery-icon portrait'>\n\t\t\t\t<a href='https:\/\/centralmedia.rs\/index.php\/2019\/09\/13\/maticev-sal-aleksandri-batinic\/maticev-sal5\/'><img loading=\"lazy\" decoding=\"async\" width=\"150\" height=\"150\" src=\"https:\/\/centralmedia.rs\/wp-content\/uploads\/2019\/09\/maticev-sal5-150x150.jpg\" class=\"attachment-thumbnail size-thumbnail\" alt=\"\" \/><\/a>\n\t\t\t<\/div><\/figure>\n\t\t<\/div>\n\n<p>Nagrada &#8220;Mati\u0107ev \u0161al&#8221; dodeljuje se mladim pesnicima za njihovu prvu zbirku pesama u okviru manifestacije &#8220;Mati\u0107evi dani&#8221;. Re\u010d je o mladim pesnicima iz \u00a0Srbije do 27 godina. Nagrada se sastoji od unikatnog ru\u010dno pletenog \u0161ala, povelje i nov\u010danog iznosa.<\/p>\n<p>-Velika je \u010dast dobiti ovu nagradu i na\u0107i se me\u0111u dobitnicima, me\u0111u kojima su \u00a0zaista velika imena i pesnici. Dug prema Du\u0161anu Mati\u0107u u vrlo malom procentu poku\u0161ali su da vrate pesme iz &#8220;Antikvitere&#8221;. An\u0111eo je do\u0161ao po svoje u traganju za \u00a0osloncem u duhovnoj i kulturnoj ba\u0161tini i jeziku. U otporu prema pukom imenovanju stvari i pojava, vremenu formata i razgradnji smisla. Fenomenologija zapitanosti nad tom zjapom oko koje se bepo\u0161tedno dezintegri\u0161u vrednosti, gde plasti\u010dnost zamenjuje su\u0161tinu, a povr\u0161nost pothranje entropiju u ovim pesmama ostvaruje se \u010desto neve\u0161to, kazala je dobitnica nagrade Aleksandra Batini\u0107.<\/p>\n<p>Poslednjeg dana manifestacije \u201cMati\u0107evi dani\u201d odr\u017ean je okrugli sto \u201cDu\u0161an Mati\u0107 danas\u201d. Govorili su Gojko Bo\u017eovi\u0107, vlasnik izdava\u010dke ku\u0107e \u201cArhipelag\u201d, esejista, pesnik i jedan od prvih dobitnika knji\u017eevne nagrade \u201cMati\u0107ev \u0161al\u201d, prof. Dr Predrag Ja\u0161ovi\u0107, profesor knji\u017eevnosti na dr\u017eavnom univerzitetu u Novom Pazaru, prof. Dr Gojko Te\u0161i\u0107, profesor knji\u017eevnosti na Filozofskom fakultetu u Novom Sadu, prof. Dr Danica Pajovi\u0107, profesor na Fakultetu dramskih umetnosti u Beogradu, Nemanja Veljovi\u0107 Subrosa, student Filolo\u0161kog fakulteta u Beogradu, knji\u017eevni kriti\u010dar i pesnik iz Beograda Zoran Bognar.<\/p>\n","protected":false},"excerpt":{"rendered":"<p>\u0106UPRIJA- Nagrada &#8220;Mati\u0107ev \u0161al&#8221; danas je u Biblioteci Du\u0161an Mati\u0107 u \u0106upriji uru\u010dena Aleksandri Batini\u0107 iz Smederevske Palanke za knjigu pesama &#8220;Antikvitera&#8221; u izdanju Brankovog &hellip; <\/p>\n","protected":false},"author":2,"featured_media":20074,"comment_status":"open","ping_status":"open","sticky":false,"template":"","format":"standard","meta":{"footnotes":""},"categories":[1515,1524,2,15,887,12],"tags":[4027,1223,1202],"_links":{"self":[{"href":"https:\/\/centralmedia.rs\/index.php\/wp-json\/wp\/v2\/posts\/20073"}],"collection":[{"href":"https:\/\/centralmedia.rs\/index.php\/wp-json\/wp\/v2\/posts"}],"about":[{"href":"https:\/\/centralmedia.rs\/index.php\/wp-json\/wp\/v2\/types\/post"}],"author":[{"embeddable":true,"href":"https:\/\/centralmedia.rs\/index.php\/wp-json\/wp\/v2\/users\/2"}],"replies":[{"embeddable":true,"href":"https:\/\/centralmedia.rs\/index.php\/wp-json\/wp\/v2\/comments?post=20073"}],"version-history":[{"count":1,"href":"https:\/\/centralmedia.rs\/index.php\/wp-json\/wp\/v2\/posts\/20073\/revisions"}],"predecessor-version":[{"id":20080,"href":"https:\/\/centralmedia.rs\/index.php\/wp-json\/wp\/v2\/posts\/20073\/revisions\/20080"}],"wp:featuredmedia":[{"embeddable":true,"href":"https:\/\/centralmedia.rs\/index.php\/wp-json\/wp\/v2\/media\/20074"}],"wp:attachment":[{"href":"https:\/\/centralmedia.rs\/index.php\/wp-json\/wp\/v2\/media?parent=20073"}],"wp:term":[{"taxonomy":"category","embeddable":true,"href":"https:\/\/centralmedia.rs\/index.php\/wp-json\/wp\/v2\/categories?post=20073"},{"taxonomy":"post_tag","embeddable":true,"href":"https:\/\/centralmedia.rs\/index.php\/wp-json\/wp\/v2\/tags?post=20073"}],"curies":[{"name":"wp","href":"https:\/\/api.w.org\/{rel}","templated":true}]}}